{"id":210322,"date":"2017-02-24T13:08:33","date_gmt":"2017-02-24T13:08:33","guid":{"rendered":"http:\/\/diariodominicano.ddns.net\/?p=210322"},"modified":"2017-02-24T13:08:33","modified_gmt":"2017-02-24T13:08:33","slug":"aleman-kittel-gana-la-segunda-etapa-en-tour-de-abu-dabi","status":"publish","type":"post","link":"https:\/\/diariodominicano.com\/?p=210322","title":{"rendered":"Alem\u00e1n Kittel gana la segunda etapa en Tour de Abu Dabi"},"content":{"rendered":"<p><body><\/p>\n<p><img decoding=\"async\" src=\"img3\/Marcel-Kittel.jpg\" \/>  <\/p>\n<p><span class=\"text1noticias\">Abu Dabi, 24 feb (PL) El alem\u00e1n Marcel Kittel se impuso hoy en la segunda etapa del Tour de Abu Dabi, disputada a trav\u00e9s de 153 kil\u00f3metros con salida y llegada en la capital de los Emiratos \u00c1rabes Unidos.<\/span><\/p>\n<\/p>\n<p><span class=\"text1noticias\">Kittel recorri\u00f3 la distancia en tres horas, 28 minutos y 11 segundos, y derrot\u00f3 al esprint al australiano Caled Ewan y al brit\u00e1nico Mark Cavendish.<\/span><\/p>\n<\/p>\n<p><span class=\"text1noticias\">La llegada fue tan apretada que Ewan lleg\u00f3 a levantar los brazos para celebrar la victoria, pero Kittel le super\u00f3 por la derecha en la \u00faltima pedaleada y por un margen m\u00ednimo.<\/span><\/p>\n<\/p>\n<p><span class=\"text1noticias\">No obstante, Cavendish logr\u00f3 mantener el jersey de l\u00edder, aunque ahora con solamente cuatro segundos de ventaja sobre el corredor germano.<\/span><\/p>\n<\/p>\n<p><span class=\"text1noticias\">Por su parte, el espa\u00f1ol Alberto Contador, uno de los favoritos al primer puesto, consider\u00f3 que en teor\u00eda el m\u00e1s fuerte es el colombiano Nairo Quintana.<\/span><\/p>\n<\/p>\n<p><span class=\"text1noticias\">En principio Nairo es el m\u00e1s fuerte, hizo una exhibici\u00f3n en Valencia y puede ser el rival a tener m\u00e1s en cuenta, se\u00f1al\u00f3 el l\u00edder del equipo Trek.<\/span><\/p>\n<\/p>\n<p><span class=\"text1noticias\">Este s\u00e1bado se disputar\u00e1 la tercera y pen\u00faltima etapa de la carrera, un recorrido de 186 kil\u00f3metros entre el estadio Hazza Bin Zayed y Jabel Hafeet con final en alto.<\/span><\/p>\n<\/p>\n<p><span class=\"text1noticias\">Seg\u00fan los especialistas, ser\u00e1 una buena oportunidad para que escaladores como Contador (ubicado en el lugar 99, a 0:14 segundos del puntero) o Quintana (45, tambi\u00e9n a 0:14) busquen la victoria.<\/span><\/p>\n<\/p>\n<p><span class=\"text1noticias\">Clasificaci\u00f3n de la etapa: <\/span><\/p>\n<\/p>\n<p><span class=\"text1noticias\">1. Marcel Kittel (ALE\/Quick Step) 3 h 28:11 <\/span><\/p>\n<\/p>\n<p><span class=\"text1noticias\">2. Caleb Ewan (AUS\/Orica-Scott) m.t.<\/span><\/p>\n<\/p>\n<p><span class=\"text1noticias\">3. Mark Cavendish (GBR\/Dimension Data) m.t.<\/span><\/p>\n<\/p>\n<p><span class=\"text1noticias\">4. Matteo Pelucchi (ITA\/Bora-Hansgrohe) m.t.<\/span><\/p>\n<\/p>\n<p><span class=\"text1noticias\">5. Phil Bauhaus (ALE\/Sunweb) m.t.<\/span><\/p>\n<\/p>\n<p><span class=\"text1noticias\">Clasificaci\u00f3n general: <\/span><\/p>\n<\/p>\n<p><span class=\"text1noticias\">1. Mark Cavendish (GBR\/Dimension Data) 8 h 05:03 <\/span><\/p>\n<\/p>\n<p><span class=\"text1noticias\">2. Marcel Kittel (ALE\/Quick Step) a 0:04 <\/span><\/p>\n<\/p>\n<p><span class=\"text1noticias\">3. Andr\u00e9 Greipel (ALE\/Lotto-Soudal) a 0:08 <\/span><\/p>\n<\/p>\n<p><span class=\"text1noticias\">4. Marco Canola (ITA\/Nippo-Vini Fantini) a 0:08 <\/span><\/p>\n<\/p>\n<p><span class=\"text1noticias\">5. Caleb Ewan (AUT\/Orica-Scott) a 0:08.<\/span><\/p>\n<\/p>\n<h6> 2017-02-24 13:08:33 <\/h6>\n<p><!--\n<link rel=\"stylesheet\" href=\"css\/bootstrap.min.css\">\n\n\n<ul class=\"pagination\">\n\t    \n\t\n\n<li >\n\t<a href='?page_no=9536'>Previous<\/a>\n\t<\/li>\n\n\n       \n    \n\n<li><a href='?page_no=1'>1<\/a><\/li>\n\n\n\n<li><a href='?page_no=2'>2<\/a><\/li>\n\n\n\n<li><a>...<\/a><\/li>\n\n\n\n<li><a href='?page_no=9535'>9535<\/a><\/li>\n\n\n\n<li><a href='?page_no=9536'>9536<\/a><\/li>\n\n\n\n<li class='active'><a>9537<\/a><\/li>\n\n\n\n<li><a href='?page_no=9538'>9538<\/a><\/li>\n\n\n\n<li><a href='?page_no=9539'>9539<\/a><\/li>\n\n\n\n<li><a>...<\/a><\/li>\n\n\n\n<li><a href='?page_no=36618'>36618<\/a><\/li>\n\n\n\n<li><a href='?page_no=36619'>36619<\/a><\/li>\n\n    \n\t\n\n<li >\n\t<a href='?page_no=9538'>Next<\/a>\n\t<\/li>\n\n\n    \n\n<li><a href='?page_no=36619'>Last &rsaquo;&rsaquo;<\/a><\/li>\n\n<\/ul>\n\n\n--><br \/>\n<\/body><\/p>\n","protected":false},"excerpt":{"rendered":"<p>Abu Dabi, 24 feb (PL) El alem\u00e1n Marcel Kittel se impuso hoy en la segunda etapa del Tour de Abu Dabi, disputada a trav\u00e9s de 153 kil\u00f3metros con salida y llegada en la capital de los Emiratos \u00c1rabes Unidos. Kittel recorri\u00f3 la distancia en tres horas, 28 minutos y 11 segundos, y derrot\u00f3 al esprint [&hellip;]<\/p>\n","protected":false},"author":3,"featured_media":0,"comment_status":"open","ping_status":"open","sticky":false,"template":"","format":"standard","meta":{"footnotes":""},"categories":[17],"tags":[],"class_list":["post-210322","post","type-post","status-publish","format-standard","hentry","category-deportes"],"_links":{"self":[{"href":"https:\/\/diariodominicano.com\/index.php?rest_route=\/wp\/v2\/posts\/210322","targetHints":{"allow":["GET"]}}],"collection":[{"href":"https:\/\/diariodominicano.com\/index.php?rest_route=\/wp\/v2\/posts"}],"about":[{"href":"https:\/\/diariodominicano.com\/index.php?rest_route=\/wp\/v2\/types\/post"}],"author":[{"embeddable":true,"href":"https:\/\/diariodominicano.com\/index.php?rest_route=\/wp\/v2\/users\/3"}],"replies":[{"embeddable":true,"href":"https:\/\/diariodominicano.com\/index.php?rest_route=%2Fwp%2Fv2%2Fcomments&post=210322"}],"version-history":[{"count":0,"href":"https:\/\/diariodominicano.com\/index.php?rest_route=\/wp\/v2\/posts\/210322\/revisions"}],"wp:attachment":[{"href":"https:\/\/diariodominicano.com\/index.php?rest_route=%2Fwp%2Fv2%2Fmedia&parent=210322"}],"wp:term":[{"taxonomy":"category","embeddable":true,"href":"https:\/\/diariodominicano.com\/index.php?rest_route=%2Fwp%2Fv2%2Fcategories&post=210322"},{"taxonomy":"post_tag","embeddable":true,"href":"https:\/\/diariodominicano.com\/index.php?rest_route=%2Fwp%2Fv2%2Ftags&post=210322"}],"curies":[{"name":"wp","href":"https:\/\/api.w.org\/{rel}","templated":true}]}}