{"id":210320,"date":"2017-02-24T13:14:57","date_gmt":"2017-02-24T13:14:57","guid":{"rendered":"http:\/\/diariodominicano.ddns.net\/?p=210320"},"modified":"2017-02-24T13:14:57","modified_gmt":"2017-02-24T13:14:57","slug":"argentino-federico-fernandez-renueva-con-swansea-ingles","status":"publish","type":"post","link":"https:\/\/diariodominicano.com\/?p=210320","title":{"rendered":"Argentino Federico Fern\u00e1ndez renueva con Swansea ingl\u00e9s"},"content":{"rendered":"<p><body><\/p>\n<p><img decoding=\"async\" src=\"img3\/Federico-Fernndez.jpg\" \/>  <\/p>\n<\/p>\n<p>Londres, 24 feb (PL) El defensa internacional argentino Federico Fern\u00e1ndez renov\u00f3 hasta junio de 2020 con el Swansea City, anunci\u00f3 hoy el club ingl\u00e9s.<\/p>\n<\/p>\n<p>Este nuevo contrato me ayuda mucho y demuestra todo lo que conf\u00edo en el club. Estoy muy feliz de seguir aqu\u00ed y veo mi futuro en el Swansea, se\u00f1al\u00f3 el zaguero suramericano, en unas declaraciones a la p\u00e1gina web de los &#8216;Swans&#8217;.<\/p>\n<\/p>\n<p>Fern\u00e1ndez, de 28 a\u00f1os, lleg\u00f3 al Liberty Stadium en agosto de 2014 procedente del N\u00e1poles italiano, y terminaba el contrato al final de la pr\u00f3xima campa\u00f1a.<\/p>\n<\/p>\n<p>Ya desde mis primeros d\u00edas aqu\u00ed me sent\u00ed muy c\u00f3modo, y mi familia tambi\u00e9n est\u00e1 feliz. Estoy deseando hacerlo lo mejor posible por el club, asegur\u00f3 el jugador.<\/p>\n<\/p>\n<p>La campa\u00f1a no ha sido f\u00e1cil para el Swansea, que ha tenido tres entrenadores diferentes, aunque con el ingl\u00e9s Paul Clement ha conseguido salir de los puestos de descenso.<\/p>\n<\/p>\n<p>Ha sido una temporada dif\u00edcil, pero lo m\u00e1s importante es que hemos recuperado la confianza y somos m\u00e1s fuertes en defensa. Nuestro objetivo es sumar puntos cada semana y mantener la categor\u00eda en la Premier League, afirm\u00f3 Fern\u00e1ndez.<\/p>\n<\/p>\n<p>El conjunto marcha en la posici\u00f3n 15 en la Premier League, cuatro puntos por encima del descenso, y este s\u00e1bado visita el estadio londinense de Stamford Bridge para medirse con el l\u00edder Chelsea.<\/p>\n<h6> 2017-02-24 13:14:57 <\/h6>\n<p><!--\n<link rel=\"stylesheet\" href=\"css\/bootstrap.min.css\">\n\n\n<ul class=\"pagination\">\n\t    \n\t\n\n<li >\n\t<a href='?page_no=9534'>Previous<\/a>\n\t<\/li>\n\n\n       \n    \n\n<li><a href='?page_no=1'>1<\/a><\/li>\n\n\n\n<li><a href='?page_no=2'>2<\/a><\/li>\n\n\n\n<li><a>...<\/a><\/li>\n\n\n\n<li><a href='?page_no=9533'>9533<\/a><\/li>\n\n\n\n<li><a href='?page_no=9534'>9534<\/a><\/li>\n\n\n\n<li class='active'><a>9535<\/a><\/li>\n\n\n\n<li><a href='?page_no=9536'>9536<\/a><\/li>\n\n\n\n<li><a href='?page_no=9537'>9537<\/a><\/li>\n\n\n\n<li><a>...<\/a><\/li>\n\n\n\n<li><a href='?page_no=36618'>36618<\/a><\/li>\n\n\n\n<li><a href='?page_no=36619'>36619<\/a><\/li>\n\n    \n\t\n\n<li >\n\t<a href='?page_no=9536'>Next<\/a>\n\t<\/li>\n\n\n    \n\n<li><a href='?page_no=36619'>Last &rsaquo;&rsaquo;<\/a><\/li>\n\n<\/ul>\n\n\n--><br \/>\n<\/body><\/p>\n","protected":false},"excerpt":{"rendered":"<p>Londres, 24 feb (PL) El defensa internacional argentino Federico Fern\u00e1ndez renov\u00f3 hasta junio de 2020 con el Swansea City, anunci\u00f3 hoy el club ingl\u00e9s. Este nuevo contrato me ayuda mucho y demuestra todo lo que conf\u00edo en el club. Estoy muy feliz de seguir aqu\u00ed y veo mi futuro en el Swansea, se\u00f1al\u00f3 el zaguero [&hellip;]<\/p>\n","protected":false},"author":3,"featured_media":0,"comment_status":"open","ping_status":"open","sticky":false,"template":"","format":"standard","meta":{"footnotes":""},"categories":[17],"tags":[],"class_list":["post-210320","post","type-post","status-publish","format-standard","hentry","category-deportes"],"_links":{"self":[{"href":"https:\/\/diariodominicano.com\/index.php?rest_route=\/wp\/v2\/posts\/210320","targetHints":{"allow":["GET"]}}],"collection":[{"href":"https:\/\/diariodominicano.com\/index.php?rest_route=\/wp\/v2\/posts"}],"about":[{"href":"https:\/\/diariodominicano.com\/index.php?rest_route=\/wp\/v2\/types\/post"}],"author":[{"embeddable":true,"href":"https:\/\/diariodominicano.com\/index.php?rest_route=\/wp\/v2\/users\/3"}],"replies":[{"embeddable":true,"href":"https:\/\/diariodominicano.com\/index.php?rest_route=%2Fwp%2Fv2%2Fcomments&post=210320"}],"version-history":[{"count":0,"href":"https:\/\/diariodominicano.com\/index.php?rest_route=\/wp\/v2\/posts\/210320\/revisions"}],"wp:attachment":[{"href":"https:\/\/diariodominicano.com\/index.php?rest_route=%2Fwp%2Fv2%2Fmedia&parent=210320"}],"wp:term":[{"taxonomy":"category","embeddable":true,"href":"https:\/\/diariodominicano.com\/index.php?rest_route=%2Fwp%2Fv2%2Fcategories&post=210320"},{"taxonomy":"post_tag","embeddable":true,"href":"https:\/\/diariodominicano.com\/index.php?rest_route=%2Fwp%2Fv2%2Ftags&post=210320"}],"curies":[{"name":"wp","href":"https:\/\/api.w.org\/{rel}","templated":true}]}}