{"id":210319,"date":"2017-02-24T13:18:30","date_gmt":"2017-02-24T13:18:30","guid":{"rendered":"http:\/\/diariodominicano.ddns.net\/?p=210319"},"modified":"2017-02-24T13:18:30","modified_gmt":"2017-02-24T13:18:30","slug":"oficial-el-receptor-matt-wieters-firma-con-los-nacionales","status":"publish","type":"post","link":"https:\/\/diariodominicano.com\/?p=210319","title":{"rendered":"Oficial: El receptor Matt Wieters firma con los Nacionales"},"content":{"rendered":"<p><body><\/p>\n<p><img decoding=\"async\" src=\"img3\/Wieters_1280_r2y8lt20_hs49pe1u.jpg\" \/>  <\/p>\n<\/p>\n<p>WEST PALM BEACH, Florida, 24 de febrero,  &#8211; Los Nacionales hab\u00edan sido se\u00f1alados como destino del agente libre Matt Wieters durante mucho del invierno y el viernes ambas partes oficializaron su acuerdo.<\/p>\n<\/p>\n<p>El nuevo contrato, que seg\u00fan los informes tendr\u00eda un monto total de US$21 millones, es de un a\u00f1o con una opci\u00f3n del jugador para el 2018. Wieters tendr\u00e1 un salario de US$10.5 millones en el 2017 y el mismo sueldo en caso de ejercer su opci\u00f3n para la siguiente temporada, seg\u00fan el Washington Post.<\/p>\n<p>Wieters, quien cumplir\u00e1 los 31 a\u00f1os de edad en mayo, llenar\u00e1 el hueco dejado por el venezolano Wilson Ramos, quien se lesion\u00f3 en septiembre y luego firm\u00f3 con los Rays como agente libre.<\/p>\n<p>Wieters jug\u00f3 las primeras ocho campa\u00f1as de su carrera con los Orioles, equipo con el que fue convocado a cuatro Juegos de Estrellas. Sin embargo, se someti\u00f3 a una cirug\u00eda Tommy John en el 2014 y en el 2016, bate\u00f3 .243 con porcentaje de embasarse de .302 y slugging de .409.<\/p>\n<h6> 2017-02-24 13:18:30 <\/h6>\n<p><!--\n<link rel=\"stylesheet\" href=\"css\/bootstrap.min.css\">\n\n\n<ul class=\"pagination\">\n\t    \n\t\n\n<li >\n\t<a href='?page_no=9533'>Previous<\/a>\n\t<\/li>\n\n\n       \n    \n\n<li><a href='?page_no=1'>1<\/a><\/li>\n\n\n\n<li><a href='?page_no=2'>2<\/a><\/li>\n\n\n\n<li><a>...<\/a><\/li>\n\n\n\n<li><a href='?page_no=9532'>9532<\/a><\/li>\n\n\n\n<li><a href='?page_no=9533'>9533<\/a><\/li>\n\n\n\n<li class='active'><a>9534<\/a><\/li>\n\n\n\n<li><a href='?page_no=9535'>9535<\/a><\/li>\n\n\n\n<li><a href='?page_no=9536'>9536<\/a><\/li>\n\n\n\n<li><a>...<\/a><\/li>\n\n\n\n<li><a href='?page_no=36618'>36618<\/a><\/li>\n\n\n\n<li><a href='?page_no=36619'>36619<\/a><\/li>\n\n    \n\t\n\n<li >\n\t<a href='?page_no=9535'>Next<\/a>\n\t<\/li>\n\n\n    \n\n<li><a href='?page_no=36619'>Last &rsaquo;&rsaquo;<\/a><\/li>\n\n<\/ul>\n\n\n--><br \/>\n<\/body><\/p>\n","protected":false},"excerpt":{"rendered":"<p>WEST PALM BEACH, Florida, 24 de febrero, &#8211; Los Nacionales hab\u00edan sido se\u00f1alados como destino del agente libre Matt Wieters durante mucho del invierno y el viernes ambas partes oficializaron su acuerdo. El nuevo contrato, que seg\u00fan los informes tendr\u00eda un monto total de US$21 millones, es de un a\u00f1o con una opci\u00f3n del jugador [&hellip;]<\/p>\n","protected":false},"author":3,"featured_media":0,"comment_status":"open","ping_status":"open","sticky":false,"template":"","format":"standard","meta":{"footnotes":""},"categories":[17],"tags":[],"class_list":["post-210319","post","type-post","status-publish","format-standard","hentry","category-deportes"],"_links":{"self":[{"href":"https:\/\/diariodominicano.com\/index.php?rest_route=\/wp\/v2\/posts\/210319","targetHints":{"allow":["GET"]}}],"collection":[{"href":"https:\/\/diariodominicano.com\/index.php?rest_route=\/wp\/v2\/posts"}],"about":[{"href":"https:\/\/diariodominicano.com\/index.php?rest_route=\/wp\/v2\/types\/post"}],"author":[{"embeddable":true,"href":"https:\/\/diariodominicano.com\/index.php?rest_route=\/wp\/v2\/users\/3"}],"replies":[{"embeddable":true,"href":"https:\/\/diariodominicano.com\/index.php?rest_route=%2Fwp%2Fv2%2Fcomments&post=210319"}],"version-history":[{"count":0,"href":"https:\/\/diariodominicano.com\/index.php?rest_route=\/wp\/v2\/posts\/210319\/revisions"}],"wp:attachment":[{"href":"https:\/\/diariodominicano.com\/index.php?rest_route=%2Fwp%2Fv2%2Fmedia&parent=210319"}],"wp:term":[{"taxonomy":"category","embeddable":true,"href":"https:\/\/diariodominicano.com\/index.php?rest_route=%2Fwp%2Fv2%2Fcategories&post=210319"},{"taxonomy":"post_tag","embeddable":true,"href":"https:\/\/diariodominicano.com\/index.php?rest_route=%2Fwp%2Fv2%2Ftags&post=210319"}],"curies":[{"name":"wp","href":"https:\/\/api.w.org\/{rel}","templated":true}]}}