{"id":210310,"date":"2017-02-25T14:23:52","date_gmt":"2017-02-25T14:23:52","guid":{"rendered":"http:\/\/diariodominicano.ddns.net\/?p=210310"},"modified":"2017-02-25T14:23:52","modified_gmt":"2017-02-25T14:23:52","slug":"semifinales-sin-latinos-en-cita-tenistica-de-rio-de-janeiro","status":"publish","type":"post","link":"https:\/\/diariodominicano.com\/?p=210310","title":{"rendered":"Semifinales sin latinos en cita ten\u00edstica de R\u00edo de Janeiro"},"content":{"rendered":"<p><body><\/p>\n<p>Brasilia, 25 feb (PL) Luego de caer en cuartos de final, los argentinos Nicol\u00e1s Kicker, Diego Schwartzman y el brasile\u00f1o Thiago Monteiro resultaron los \u00faltimos jugadores latinoamericanos en despedirse del torneo ten\u00edstico de R\u00edo de Janeiro, donde hoy se efectuar\u00e1n los encuentros de semis.<\/p>\n<\/p>\n<p>Kicker sucumbi\u00f3 ante el espa\u00f1ol Albert Ramos, quinto preclasificado del certamen, por 2-6 y 3-6, mientras que su compatriota Schwartzman cay\u00f3 con id\u00e9ntico marcador frente al favorito austr\u00edaco Dominic Thiem (2).<\/p>\n<\/p>\n<p>Por su parte, el anfitri\u00f3n Monteiro dijo adi\u00f3s al certamen al caer por 2-6 y 6-7 (2\/7) ante el noruego Casper Ruud.<\/p>\n<\/p>\n<p>En el otro desaf\u00edo de cuartos, el espa\u00f1ol Pablo Carre\u00f1o (4) venci\u00f3 por abandono del ucraniano Alexandr Dolgopolov, cuando el partido marchaba por 7-6 (7\/4), 6-7 (2\/7) y 1-0.<\/p>\n<\/p>\n<p>De esta manera, los encuentros de semis tendr\u00e1n exclusivo protagonismo europeo con los pareos Carre\u00f1o-Ruud y Thiem-Ramos.<\/p>\n<h6> 2017-02-25 14:23:52 <\/h6>\n<p><!--\n<link rel=\"stylesheet\" href=\"css\/bootstrap.min.css\">\n\n\n<ul class=\"pagination\">\n\t    \n\t\n\n<li >\n\t<a href='?page_no=9525'>Previous<\/a>\n\t<\/li>\n\n\n       \n    \n\n<li><a href='?page_no=1'>1<\/a><\/li>\n\n\n\n<li><a href='?page_no=2'>2<\/a><\/li>\n\n\n\n<li><a>...<\/a><\/li>\n\n\n\n<li><a href='?page_no=9524'>9524<\/a><\/li>\n\n\n\n<li><a href='?page_no=9525'>9525<\/a><\/li>\n\n\n\n<li class='active'><a>9526<\/a><\/li>\n\n\n\n<li><a href='?page_no=9527'>9527<\/a><\/li>\n\n\n\n<li><a href='?page_no=9528'>9528<\/a><\/li>\n\n\n\n<li><a>...<\/a><\/li>\n\n\n\n<li><a href='?page_no=36618'>36618<\/a><\/li>\n\n\n\n<li><a href='?page_no=36619'>36619<\/a><\/li>\n\n    \n\t\n\n<li >\n\t<a href='?page_no=9527'>Next<\/a>\n\t<\/li>\n\n\n    \n\n<li><a href='?page_no=36619'>Last &rsaquo;&rsaquo;<\/a><\/li>\n\n<\/ul>\n\n\n--><br \/>\n<\/body><\/p>\n","protected":false},"excerpt":{"rendered":"<p>Brasilia, 25 feb (PL) Luego de caer en cuartos de final, los argentinos Nicol\u00e1s Kicker, Diego Schwartzman y el brasile\u00f1o Thiago Monteiro resultaron los \u00faltimos jugadores latinoamericanos en despedirse del torneo ten\u00edstico de R\u00edo de Janeiro, donde hoy se efectuar\u00e1n los encuentros de semis. Kicker sucumbi\u00f3 ante el espa\u00f1ol Albert Ramos, quinto preclasificado del certamen, [&hellip;]<\/p>\n","protected":false},"author":3,"featured_media":0,"comment_status":"open","ping_status":"open","sticky":false,"template":"","format":"standard","meta":{"footnotes":""},"categories":[17],"tags":[],"class_list":["post-210310","post","type-post","status-publish","format-standard","hentry","category-deportes"],"_links":{"self":[{"href":"https:\/\/diariodominicano.com\/index.php?rest_route=\/wp\/v2\/posts\/210310","targetHints":{"allow":["GET"]}}],"collection":[{"href":"https:\/\/diariodominicano.com\/index.php?rest_route=\/wp\/v2\/posts"}],"about":[{"href":"https:\/\/diariodominicano.com\/index.php?rest_route=\/wp\/v2\/types\/post"}],"author":[{"embeddable":true,"href":"https:\/\/diariodominicano.com\/index.php?rest_route=\/wp\/v2\/users\/3"}],"replies":[{"embeddable":true,"href":"https:\/\/diariodominicano.com\/index.php?rest_route=%2Fwp%2Fv2%2Fcomments&post=210310"}],"version-history":[{"count":0,"href":"https:\/\/diariodominicano.com\/index.php?rest_route=\/wp\/v2\/posts\/210310\/revisions"}],"wp:attachment":[{"href":"https:\/\/diariodominicano.com\/index.php?rest_route=%2Fwp%2Fv2%2Fmedia&parent=210310"}],"wp:term":[{"taxonomy":"category","embeddable":true,"href":"https:\/\/diariodominicano.com\/index.php?rest_route=%2Fwp%2Fv2%2Fcategories&post=210310"},{"taxonomy":"post_tag","embeddable":true,"href":"https:\/\/diariodominicano.com\/index.php?rest_route=%2Fwp%2Fv2%2Ftags&post=210310"}],"curies":[{"name":"wp","href":"https:\/\/api.w.org\/{rel}","templated":true}]}}