{"id":210308,"date":"2017-02-25T14:28:41","date_gmt":"2017-02-25T14:28:41","guid":{"rendered":"http:\/\/diariodominicano.ddns.net\/?p=210308"},"modified":"2017-02-25T14:28:41","modified_gmt":"2017-02-25T14:28:41","slug":"los-reflectores-van-hacia-nadal-en-abierto-mexicano-de-tenis","status":"publish","type":"post","link":"https:\/\/diariodominicano.com\/?p=210308","title":{"rendered":"Los reflectores van hacia Nadal en Abierto Mexicano de Tenis"},"content":{"rendered":"<p><body><\/p>\n<p><img decoding=\"async\" src=\"img3\/Nadal-Tenis.jpg\" \/>  <\/p>\n<p><span class=\"text1noticias\">Acapulco, M\u00e9xico 25 feb (PL) El espa\u00f1ol Rafael Nadal es seguido hoy mayoritariamente por el p\u00fablico y la prensa mundial acreditada a la XXIV edici\u00f3n del torneo Abierto Mexicano de Tenis, AMT.<\/span><\/p>\n<p><span class=\"text1noticias\"> <\/span><\/p>\n<p><span class=\"text1noticias\">Nadal salt\u00f3 a la palestra internacional desde este escenario acapulque\u00f1o al ganar con 18 a\u00f1os de edad el certamen de 2005, tras vencer a su compatriota Albert Monta\u00f1\u00e9s.<\/span><\/p>\n<p><span class=\"text1noticias\"> <\/span><\/p>\n<p><span class=\"text1noticias\">En 2013 este ic\u00f3nico lugar fue testigo de un sonado triunfo del mallorqu\u00edn, frente al tambi\u00e9n espa\u00f1ol David Ferrer, ocupante entonces del tercer lugar en el escalaf\u00f3n mundial de la Asociaci\u00f3n de Tenistas Profesionales, ATP.<\/span><\/p>\n<p><span class=\"text1noticias\"> <\/span><\/p>\n<p><span class=\"text1noticias\">Esta ser\u00e1 la primera vez que el actual sexto lugar ATP, compita aqu\u00ed en cancha dura, pues su descomunal actuaci\u00f3n de hace cuatro a\u00f1os frente a Ferrer (6-0 y 6-2) puso fin a la \u00e9poca de pista arcillosa en este evento surgido en 1993.<\/span><\/p>\n<p><span class=\"text1noticias\"> <\/span><\/p>\n<p><span class=\"text1noticias\">Nadal arrib\u00f3 ayer a este balneario del Pacifico mexicano y poco despu\u00e9s hinc\u00f3 sus pies para desarrollar su primer entrenamiento en la cancha del estadio Mextenis.<\/span><\/p>\n<p><span class=\"text1noticias\"> <\/span><\/p>\n<p><span class=\"text1noticias\">Su faena se vio limitada por un viento que desviaba a veces la pelota y entorpec\u00eda la vista, pero en general se le vio muy fuerte, sobre todo con su mano m\u00e1s h\u00e1bil, la zurda y empacando con sus reveses a dos manos.<\/span><\/p>\n<p><span class=\"text1noticias\"> <\/span><\/p>\n<p><span class=\"text1noticias\">Rafa Nadal, como le llaman, ofreci\u00f3 recientemente en Rotterdam, Holanda, una inolvidable final en el torneo Abierto Australiano ante Roger Federer noveno ATP.<\/span><\/p>\n<p><span class=\"text1noticias\"> <\/span><\/p>\n<p><span class=\"text1noticias\">Los reflectores acapulque\u00f1os alumbran a Nadal pese a no ser favorido debido a la presencia del serbio Novak Djokovic actual n\u00famero dos del mundo y ganador de 12 Grand Slams y de Milos Raonic, (4), del canadiense de origen montenegrino.<\/span><\/p>\n<p><span class=\"text1noticias\"> <\/span><\/p>\n<p><span class=\"text1noticias\">Nadal volver\u00e1 a estrenar al final de esta tarde en la cancha del Mextenis, ubicada al lado del exclusivo y complejo recreativo cultural Princess Mundo Imperial.<\/span><\/p>\n<p><span class=\"text1noticias\"> <\/span><\/p>\n<p><span class=\"text1noticias\">Todos especulan acerca de una final adelantada el pr\u00f3ximo lunes entre Djokovic y \u00e9l, las elocubraciones especulaciones finalizar\u00e1n ma\u00f1ana cuando se produzca el sorte porque Nadal es uno de los dos primeros sembrados, el otro es Milos Raonic.<\/span><\/p>\n<p><span class=\"text1noticias\"> <\/span><\/p>\n<p><span class=\"text1noticias\">Numeroso p\u00fablico comienza a concentrarse en los alrededores para verle y quiz\u00e1s, tener la suerte de ver firmado su aut\u00f3grafo, en esta espl\u00e9ndida tarde con cielo despejado que parece tambi\u00e9n rendirle pleites\u00eda al mallorqu\u00edn.<\/span><\/p>\n<h6> 2017-02-25 14:28:41 <\/h6>\n<p><!--\n<link rel=\"stylesheet\" href=\"css\/bootstrap.min.css\">\n\n\n<ul class=\"pagination\">\n\t    \n\t\n\n<li >\n\t<a href='?page_no=9523'>Previous<\/a>\n\t<\/li>\n\n\n       \n    \n\n<li><a href='?page_no=1'>1<\/a><\/li>\n\n\n\n<li><a href='?page_no=2'>2<\/a><\/li>\n\n\n\n<li><a>...<\/a><\/li>\n\n\n\n<li><a href='?page_no=9522'>9522<\/a><\/li>\n\n\n\n<li><a href='?page_no=9523'>9523<\/a><\/li>\n\n\n\n<li class='active'><a>9524<\/a><\/li>\n\n\n\n<li><a href='?page_no=9525'>9525<\/a><\/li>\n\n\n\n<li><a href='?page_no=9526'>9526<\/a><\/li>\n\n\n\n<li><a>...<\/a><\/li>\n\n\n\n<li><a href='?page_no=36618'>36618<\/a><\/li>\n\n\n\n<li><a href='?page_no=36619'>36619<\/a><\/li>\n\n    \n\t\n\n<li >\n\t<a href='?page_no=9525'>Next<\/a>\n\t<\/li>\n\n\n    \n\n<li><a href='?page_no=36619'>Last &rsaquo;&rsaquo;<\/a><\/li>\n\n<\/ul>\n\n\n--><br \/>\n<\/body><\/p>\n","protected":false},"excerpt":{"rendered":"<p>Acapulco, M\u00e9xico 25 feb (PL) El espa\u00f1ol Rafael Nadal es seguido hoy mayoritariamente por el p\u00fablico y la prensa mundial acreditada a la XXIV edici\u00f3n del torneo Abierto Mexicano de Tenis, AMT. Nadal salt\u00f3 a la palestra internacional desde este escenario acapulque\u00f1o al ganar con 18 a\u00f1os de edad el certamen de 2005, tras vencer [&hellip;]<\/p>\n","protected":false},"author":3,"featured_media":0,"comment_status":"open","ping_status":"open","sticky":false,"template":"","format":"standard","meta":{"footnotes":""},"categories":[17],"tags":[],"class_list":["post-210308","post","type-post","status-publish","format-standard","hentry","category-deportes"],"_links":{"self":[{"href":"https:\/\/diariodominicano.com\/index.php?rest_route=\/wp\/v2\/posts\/210308","targetHints":{"allow":["GET"]}}],"collection":[{"href":"https:\/\/diariodominicano.com\/index.php?rest_route=\/wp\/v2\/posts"}],"about":[{"href":"https:\/\/diariodominicano.com\/index.php?rest_route=\/wp\/v2\/types\/post"}],"author":[{"embeddable":true,"href":"https:\/\/diariodominicano.com\/index.php?rest_route=\/wp\/v2\/users\/3"}],"replies":[{"embeddable":true,"href":"https:\/\/diariodominicano.com\/index.php?rest_route=%2Fwp%2Fv2%2Fcomments&post=210308"}],"version-history":[{"count":0,"href":"https:\/\/diariodominicano.com\/index.php?rest_route=\/wp\/v2\/posts\/210308\/revisions"}],"wp:attachment":[{"href":"https:\/\/diariodominicano.com\/index.php?rest_route=%2Fwp%2Fv2%2Fmedia&parent=210308"}],"wp:term":[{"taxonomy":"category","embeddable":true,"href":"https:\/\/diariodominicano.com\/index.php?rest_route=%2Fwp%2Fv2%2Fcategories&post=210308"},{"taxonomy":"post_tag","embeddable":true,"href":"https:\/\/diariodominicano.com\/index.php?rest_route=%2Fwp%2Fv2%2Ftags&post=210308"}],"curies":[{"name":"wp","href":"https:\/\/api.w.org\/{rel}","templated":true}]}}