{"id":210306,"date":"2017-02-25T14:35:02","date_gmt":"2017-02-25T14:35:02","guid":{"rendered":"http:\/\/diariodominicano.ddns.net\/?p=210306"},"modified":"2017-02-25T14:35:02","modified_gmt":"2017-02-25T14:35:02","slug":"cardenales-firman-contrato-con-cubano-jose-adolis-garcia","status":"publish","type":"post","link":"https:\/\/diariodominicano.com\/?p=210306","title":{"rendered":"Cardenales firman contrato con cubano Jos\u00e9 Adolis Garc\u00eda"},"content":{"rendered":"<p><body><\/p>\n<p><img decoding=\"async\" src=\"img3\/Garcia1280_zh7nkot8_vmmdeg27.jpg\" \/>  <\/p>\n<p>JUPITER, Florida, 25 de febrero, &#8211; Los Cardenales de San Luis firmaron un contrato de ligas menores con el jardinero cubano Jos\u00e9 Adolis Garc\u00eda, y lo invitaron a su campamento de pretemporada con el plantel de las mayores.<\/p>\n<\/p>\n<p>Garc\u00eda es hermano menor del antesalista de los Bravos de Atlanta, Adonis Garc\u00eda. Se le nombr\u00f3 el Jugador M\u00e1s Valioso de la Serie Nacional cubana el a\u00f1o pasado.<\/p>\n<p>En agosto de 2016, trascendi\u00f3 que Garc\u00eda hab\u00eda abandonado un vuelo procedente de Jap\u00f3n y con destino a Cuba, durante una escala en Francia. Tras militar en la liga invernal de Venezuela, las mayores lo declararon agente libre en diciembre.<\/p>\n<p>Garc\u00eda, quien cumplir\u00e1 24 a\u00f1os la pr\u00f3xima semana, llev\u00f3 a los Tigres de Ciego de \u00c1vila a t\u00edtulos consecutivos en Cuba, en 2015 y 2016. El bateador derecho ostent\u00f3 un promedio de .315, con un embasado de .395 y un slugging de .517, durante la campa\u00f1a que le vali\u00f3 el premio en su pa\u00eds. Jug\u00f3 tambi\u00e9n brevemente por los Gigantes de Yomiuri en Jap\u00f3n, la temporada anterior.<\/p>\n<p>Los Cardenales anunciaron la firma del contrato el viernes por la noche. Indicaron que el gerente general John Mozeliak hablar\u00eda del tema con la prensa este s\u00e1bado por la ma\u00f1ana, en el complejo de entrenamientos de pretemporada del club.<\/p>\n<h6> 2017-02-25 14:35:02 <\/h6>\n<p><!--\n<link rel=\"stylesheet\" href=\"css\/bootstrap.min.css\">\n\n\n<ul class=\"pagination\">\n\t    \n\t\n\n<li >\n\t<a href='?page_no=9521'>Previous<\/a>\n\t<\/li>\n\n\n       \n    \n\n<li><a href='?page_no=1'>1<\/a><\/li>\n\n\n\n<li><a href='?page_no=2'>2<\/a><\/li>\n\n\n\n<li><a>...<\/a><\/li>\n\n\n\n<li><a href='?page_no=9520'>9520<\/a><\/li>\n\n\n\n<li><a href='?page_no=9521'>9521<\/a><\/li>\n\n\n\n<li class='active'><a>9522<\/a><\/li>\n\n\n\n<li><a href='?page_no=9523'>9523<\/a><\/li>\n\n\n\n<li><a href='?page_no=9524'>9524<\/a><\/li>\n\n\n\n<li><a>...<\/a><\/li>\n\n\n\n<li><a href='?page_no=36618'>36618<\/a><\/li>\n\n\n\n<li><a href='?page_no=36619'>36619<\/a><\/li>\n\n    \n\t\n\n<li >\n\t<a href='?page_no=9523'>Next<\/a>\n\t<\/li>\n\n\n    \n\n<li><a href='?page_no=36619'>Last &rsaquo;&rsaquo;<\/a><\/li>\n\n<\/ul>\n\n\n--><br \/>\n<\/body><\/p>\n","protected":false},"excerpt":{"rendered":"<p>JUPITER, Florida, 25 de febrero, &#8211; Los Cardenales de San Luis firmaron un contrato de ligas menores con el jardinero cubano Jos\u00e9 Adolis Garc\u00eda, y lo invitaron a su campamento de pretemporada con el plantel de las mayores. Garc\u00eda es hermano menor del antesalista de los Bravos de Atlanta, Adonis Garc\u00eda. Se le nombr\u00f3 el [&hellip;]<\/p>\n","protected":false},"author":3,"featured_media":0,"comment_status":"open","ping_status":"open","sticky":false,"template":"","format":"standard","meta":{"footnotes":""},"categories":[17],"tags":[],"class_list":["post-210306","post","type-post","status-publish","format-standard","hentry","category-deportes"],"_links":{"self":[{"href":"https:\/\/diariodominicano.com\/index.php?rest_route=\/wp\/v2\/posts\/210306","targetHints":{"allow":["GET"]}}],"collection":[{"href":"https:\/\/diariodominicano.com\/index.php?rest_route=\/wp\/v2\/posts"}],"about":[{"href":"https:\/\/diariodominicano.com\/index.php?rest_route=\/wp\/v2\/types\/post"}],"author":[{"embeddable":true,"href":"https:\/\/diariodominicano.com\/index.php?rest_route=\/wp\/v2\/users\/3"}],"replies":[{"embeddable":true,"href":"https:\/\/diariodominicano.com\/index.php?rest_route=%2Fwp%2Fv2%2Fcomments&post=210306"}],"version-history":[{"count":0,"href":"https:\/\/diariodominicano.com\/index.php?rest_route=\/wp\/v2\/posts\/210306\/revisions"}],"wp:attachment":[{"href":"https:\/\/diariodominicano.com\/index.php?rest_route=%2Fwp%2Fv2%2Fmedia&parent=210306"}],"wp:term":[{"taxonomy":"category","embeddable":true,"href":"https:\/\/diariodominicano.com\/index.php?rest_route=%2Fwp%2Fv2%2Fcategories&post=210306"},{"taxonomy":"post_tag","embeddable":true,"href":"https:\/\/diariodominicano.com\/index.php?rest_route=%2Fwp%2Fv2%2Ftags&post=210306"}],"curies":[{"name":"wp","href":"https:\/\/api.w.org\/{rel}","templated":true}]}}