{"id":210300,"date":"2017-02-27T10:16:50","date_gmt":"2017-02-27T10:16:50","guid":{"rendered":"http:\/\/diariodominicano.ddns.net\/?p=210300"},"modified":"2017-02-27T10:16:50","modified_gmt":"2017-02-27T10:16:50","slug":"maradona-recuerda-40-anos-de-su-debut-con-la-seleccion-argentina","status":"publish","type":"post","link":"https:\/\/diariodominicano.com\/?p=210300","title":{"rendered":"Maradona recuerda 40 a\u00f1os de su debut con la selecci\u00f3n argentina"},"content":{"rendered":"<p><body><\/p>\n<p><img decoding=\"async\" src=\"img3\/maradona.jpg\" \/>  <\/p>\n<p>Buenos Aires, 27 feb (PL) El ex astro de f\u00fatbol argentino Diego Armando Maradona record\u00f3 la v\u00edspera con alegr\u00eda en un mensaje en las redes sociales el 40 a\u00f1os de su debut con la selecci\u00f3n de su pa\u00eds.<\/p>\n<\/p>\n<p>&#8216;Hoy, hace 40 a\u00f1os, debut\u00e9 con la camiseta m\u00e1s linda, la de la selecci\u00f3n argentina&#8217;, public\u00f3 en facebook.<\/p>\n<\/p>\n<p>Pero, a\u00f1adi\u00f3, me gustar\u00eda recordar tambi\u00e9n, un partido a beneficio que jugamos en la ciudad de Tres Arroyos, hace 25 a\u00f1os. Fue para Caminemos Juntos, un centro de ayuda a discapacitados de Buenos Aires&#8217;.<\/p>\n<\/p>\n<p>Con la selecci\u00f3n nacional, Maradona fue campe\u00f3n mundial en 1986, subcampe\u00f3n en 1990 y campe\u00f3n del Mundial Juvenil en 1979, adem\u00e1s de obtener la Copa Artemio Franchi de 1993.<\/p>\n<\/p>\n<p>Hace solo cuatro d\u00edas medios de prensa tambi\u00e9n rememoraron el estreno del 10, hace 36 a\u00f1os atr\u00e1s, con el club Boca Juniors en el estadio la Bombonera, un domingo de 1981, frente al grupo Talleres de C\u00f3rdoba.<\/p>\n<h6> 2017-02-27 10:16:50 <\/h6>\n<p><!--\n<link rel=\"stylesheet\" href=\"css\/bootstrap.min.css\">\n\n\n<ul class=\"pagination\">\n\t    \n\t\n\n<li >\n\t<a href='?page_no=9516'>Previous<\/a>\n\t<\/li>\n\n\n       \n    \n\n<li><a href='?page_no=1'>1<\/a><\/li>\n\n\n\n<li><a href='?page_no=2'>2<\/a><\/li>\n\n\n\n<li><a>...<\/a><\/li>\n\n\n\n<li><a href='?page_no=9515'>9515<\/a><\/li>\n\n\n\n<li><a href='?page_no=9516'>9516<\/a><\/li>\n\n\n\n<li class='active'><a>9517<\/a><\/li>\n\n\n\n<li><a href='?page_no=9518'>9518<\/a><\/li>\n\n\n\n<li><a href='?page_no=9519'>9519<\/a><\/li>\n\n\n\n<li><a>...<\/a><\/li>\n\n\n\n<li><a href='?page_no=36618'>36618<\/a><\/li>\n\n\n\n<li><a href='?page_no=36619'>36619<\/a><\/li>\n\n    \n\t\n\n<li >\n\t<a href='?page_no=9518'>Next<\/a>\n\t<\/li>\n\n\n    \n\n<li><a href='?page_no=36619'>Last &rsaquo;&rsaquo;<\/a><\/li>\n\n<\/ul>\n\n\n--><br \/>\n<\/body><\/p>\n","protected":false},"excerpt":{"rendered":"<p>Buenos Aires, 27 feb (PL) El ex astro de f\u00fatbol argentino Diego Armando Maradona record\u00f3 la v\u00edspera con alegr\u00eda en un mensaje en las redes sociales el 40 a\u00f1os de su debut con la selecci\u00f3n de su pa\u00eds. &#8216;Hoy, hace 40 a\u00f1os, debut\u00e9 con la camiseta m\u00e1s linda, la de la selecci\u00f3n argentina&#8217;, public\u00f3 en [&hellip;]<\/p>\n","protected":false},"author":3,"featured_media":0,"comment_status":"open","ping_status":"open","sticky":false,"template":"","format":"standard","meta":{"footnotes":""},"categories":[17],"tags":[],"class_list":["post-210300","post","type-post","status-publish","format-standard","hentry","category-deportes"],"_links":{"self":[{"href":"https:\/\/diariodominicano.com\/index.php?rest_route=\/wp\/v2\/posts\/210300","targetHints":{"allow":["GET"]}}],"collection":[{"href":"https:\/\/diariodominicano.com\/index.php?rest_route=\/wp\/v2\/posts"}],"about":[{"href":"https:\/\/diariodominicano.com\/index.php?rest_route=\/wp\/v2\/types\/post"}],"author":[{"embeddable":true,"href":"https:\/\/diariodominicano.com\/index.php?rest_route=\/wp\/v2\/users\/3"}],"replies":[{"embeddable":true,"href":"https:\/\/diariodominicano.com\/index.php?rest_route=%2Fwp%2Fv2%2Fcomments&post=210300"}],"version-history":[{"count":0,"href":"https:\/\/diariodominicano.com\/index.php?rest_route=\/wp\/v2\/posts\/210300\/revisions"}],"wp:attachment":[{"href":"https:\/\/diariodominicano.com\/index.php?rest_route=%2Fwp%2Fv2%2Fmedia&parent=210300"}],"wp:term":[{"taxonomy":"category","embeddable":true,"href":"https:\/\/diariodominicano.com\/index.php?rest_route=%2Fwp%2Fv2%2Fcategories&post=210300"},{"taxonomy":"post_tag","embeddable":true,"href":"https:\/\/diariodominicano.com\/index.php?rest_route=%2Fwp%2Fv2%2Ftags&post=210300"}],"curies":[{"name":"wp","href":"https:\/\/api.w.org\/{rel}","templated":true}]}}