{"id":210213,"date":"2017-03-08T12:58:07","date_gmt":"2017-03-08T12:58:07","guid":{"rendered":"http:\/\/diariodominicano.ddns.net\/?p=210213"},"modified":"2017-03-08T12:58:07","modified_gmt":"2017-03-08T12:58:07","slug":"la-ausencia-de-jose-fernandez-pesa-sobre-los-marlins","status":"publish","type":"post","link":"https:\/\/diariodominicano.com\/?p=210213","title":{"rendered":"La ausencia de Jos\u00e9 Fern\u00e1ndez pesa sobre los Marlins"},"content":{"rendered":"<p><body><\/p>\n<p><img decoding=\"async\" src=\"img3\/Stanton1280_zzhq5tr7_r907lphi.jpg\" \/>  <\/p>\n<\/p>\n<p><span class=\"text1noticias\">Santo Domingo, RD, 8 de marzo, -Unas cuantas semanas despu\u00e9s de terminada la campa\u00f1a, Giancarlo Stanton viaj\u00f3 a R\u00edo de Janeiro para pintar con aerosol un mural callejero en homenaje a Jos\u00e9 Fern\u00e1ndez.<\/span><\/p>\n<\/p>\n<p><span class=\"text1noticias\">El dolor por la tr\u00e1gica muerte del estelar lanzador sigue a flor de piel en los Marlins de Miami al afrontar la temporada de 2017. Durante el a\u00f1o, los jugadores lucir\u00e1n un parche con un c\u00edrculo negro y el n\u00famero 16 de Fern\u00e1ndez estampado al costado izquierdo, cerca de sus corazones.<\/span><\/p>\n<p><span class=\"text1noticias\">Los Marlins perdieron mucho m\u00e1s que un pilar de la rotaci\u00f3n el 25 de septiembre, cuando el derecho cubano falleci\u00f3 en un accidente n\u00e1utico, ocurrido en el \u00faltimo fin de semana de la pasada campa\u00f1a.<\/span><\/p>\n<p><span class=\"text1noticias\">Fern\u00e1ndez no solo era el eje del cuerpo de lanzadores sino que ten\u00eda un carisma especial, era adorado por la afici\u00f3n y ejerc\u00eda una gran influencia en el vestuario.<\/span><\/p>\n<p><span class=\"text1noticias\">\u00abNo vamos a contar con su sonrisa o la energ\u00eda que aportaba. Es otra cosa que deberemos superar en conjunto\u00bb, dijo Stanton, el jardinero derecho, quien ha quedado como el referente principal del equipo.<\/span><\/p>\n<p><span class=\"text1noticias\">\u00bfC\u00f3mo reemplazar a Fern\u00e1ndez? Realmente no se puede.<\/span><\/p>\n<p><span class=\"text1noticias\">\u00abInvertimos mucho tiempo durante el invierno tratando de medir la dimensi\u00f3n de esa enorme sombra\u00bb, declar\u00f3 el presidente del equipo David Samson.<\/span><\/p>\n<p><span class=\"text1noticias\">En el receso, Miami intent\u00f3 infructuosamente fichar a los cerradores Aroldis Chapman y Kenley Jensen. Los dos agentes libres no mordieron el anzuelo. El que los Marlins estuvieran interesados en reforzarse con relevistas de lujo asombr\u00f3 al mundo del b\u00e9isbol: \u00bfacaso lo primero no debe ser la rotaci\u00f3n? En todo caso, a\u00f1adieron a Brad Ziegler y Junichi Tazawa para complementar al cerrador A.J. Ramos.<\/span><\/p>\n<p><span class=\"text1noticias\">Con Fern\u00e1ndez, los Marlins eran un conjunto al umbral de dar pelea en la divisi\u00f3n Este de la Liga Nacional, pese a que su \u00faltima temporada con saldo positivo se remonta a 2009. Sin Fern\u00e1ndez, las posibilidades son m\u00e1s remotas.<\/span><\/p>\n<p><span class=\"text1noticias\">\u00abNunca olvidaremos a Jos\u00e9, pero tenemos que disputar juegos. Tenemos un buen equipo, y queremos dar ese paso al frente\u00bb, destac\u00f3 Samson.<\/span><\/p>\n<p><span class=\"text1noticias\">Ese paso consistir\u00eda en acceder a la postemporada por primera vez desde que en 2003 conquistaron su segundo campeonato de la Serie Mundial. Ese tambi\u00e9n era el objetivo que tanto anhelaba Fern\u00e1ndez.<\/span><\/p>\n<p><span class=\"text1noticias\">En una campa\u00f1a en la que su estadio ser\u00e1 sede del Juego de Estrellas, los Marlins creen que pueden lograrlo y el frugal club ha incrementado el gasto de n\u00f3mina, dispar\u00e1ndolo de los 70 millones de d\u00f3lares invertidos el a\u00f1o pasado a una proyecci\u00f3n apenas sobre los 100 para 2017.<\/span><\/p>\n<p><span class=\"text1noticias\">&#8212;&#8212;<\/span><\/p>\n<p><span class=\"text1noticias\">\u00bfEN VENTA?<\/span><\/p>\n<p><span class=\"text1noticias\">Cuando se dio la luz verde para aumentar el gasto, de inmediato surgieron las conjeturas de que el plan del propietario Jeffrey Loria era tener un equipo competitivo con el fin de hacerlo m\u00e1s atractivo para posibles compradores.<\/span><\/p>\n<p><span class=\"text1noticias\">Y result\u00f3 que por primera vez desde que compr\u00f3 la franquicia en 2002, el comerciante de arte de Nueva York tiene la intenci\u00f3n de venderla.<\/span><\/p>\n<p><span class=\"text1noticias\">El nombre de Loria, de 76 a\u00f1os, tambi\u00e9n suena para ser nominado como nuevo embajador de Estados Unidos en Francia.<\/span><\/p>\n<p><span class=\"text1noticias\">&#8212;&#8212;<\/span><\/p>\n<p><span class=\"text1noticias\">LOS ALTIBAJOS DE STANTON<\/span><\/p>\n<p><span class=\"text1noticias\">Aunque gan\u00f3 el Derby de Jonrones en San Diego con una cifra r\u00e9cord de 61, el a\u00f1o de Stanton fue decepcionante, el segundo seguido tras firmar un contrato de 325 millones por 13 campa\u00f1as. Arranc\u00f3 bien, pero a mediados de junio exhib\u00eda un promedio de .193 y al final acab\u00f3 con .240, el m\u00e1s bajo de su carrera. Se perdi\u00f3 un casi un mes en el tramo final por una dolencia en la ingle, ausencia que incidi\u00f3 en el bache que sac\u00f3 de carrera a los Marlins.<\/span><\/p>\n<p><span class=\"text1noticias\">Miami necesita que vuelva a ser el toletero que en 2014 lider\u00f3 la liga con 37 jonrones y qued\u00f3 segundo en la votaci\u00f3n del Jugador M\u00e1s Valioso. Las lesiones le han limitado estos dos \u00faltimos a\u00f1os, a 74 juegos en 2015 y a 119 en 2016.<\/span><\/p>\n<p><span class=\"text1noticias\">Su presencia constante en una alineaci\u00f3n que incluye a sus colegas jardineros Marcell Ozuna y Christian Yelich es fundamental. El resto se mantiene intacto, con el tercera base venezolano Mart\u00edn Prado, el c\u00e1tcher J.T. Realmuto, el segunda base Dee Gordon, el torpedero Adeiny Hechavarr\u00eda y el primera base Justin Bour.<\/span><\/p>\n<p><span class=\"text1noticias\">&#8212;&#8212;<\/span><\/p>\n<p><span class=\"text1noticias\">ICHIRO, ETERNO<\/span><\/p>\n<p><span class=\"text1noticias\">Ichiro Suzuki es infatigable. El jardinero japon\u00e9s de 43 a\u00f1os regresa en su papel de jardinero suplente, y en busca de engrosar su total de 3.030 hits en las mayores.<\/span><\/p>\n<p><span class=\"text1noticias\">Las bajas en los jardines provocaron que el manager Don Mattingly recurriera a Suzuki en 78 oportunidades, mucho m\u00e1s de lo previsto. La idea ahora es emplearlo como titular no m\u00e1s de dos veces por semana. Pero Suzuki a\u00fan produce: sus promedios de bateo (.291), embasado (.354) y slugging (376) fueron sus mejores desde 2010.<\/span><\/p>\n<p><span class=\"text1noticias\">&#8212;&#8212;<\/span><\/p>\n<p><span class=\"text1noticias\">LAS PROMESAS<\/span><\/p>\n<p><span class=\"text1noticias\">Los Marlins no ten\u00edan las piezas atractivas en las menores a fin de negociar con los Medias Blancas por Chris Sale para que comandara la rotaci\u00f3n. Y es que muchos canjes en tiempos recientes han dejado a la cantera pr\u00e1cticamente vac\u00eda de talento que pueda tener un impacto inmediato. Fue lo que hicieron cuando cedieron a Cincinnati al dominicano Luis Castillo, el segundo mejor prospecto de la organizaci\u00f3n, para obtener al abridor Dan Straily.<\/span><\/p>\n<p><span class=\"text1noticias\">La pieza m\u00e1s prometedora es Braxton Garrett, un zurdo que tomaron en el pasado draft. Pero apenas tiene 19 a\u00f1os.<\/span><\/p>\n<p><span class=\"text1noticias\">&#8212;&#8212;<\/span><\/p>\n<p><span class=\"text1noticias\">LO QUE PUEDE SALIR MAL<\/span><\/p>\n<p><span class=\"text1noticias\">No hay un n\u00famero uno indiscutido en una rotaci\u00f3n a todas luces insuficiente. Wei-Yin Chen y el dominicano Edinson V\u00f3lquez, dos treintea\u00f1eros, son los l\u00edderes. Tom Koehler y Adam Conley, dos lanzadores surgidos de sus filas, redondean un grupo con demasiadas interrogantes.<\/span><\/p>\n<\/p>\n<h6> 2017-03-08 12:58:07 <\/h6>\n<p><!--\n<link rel=\"stylesheet\" href=\"css\/bootstrap.min.css\">\n\n\n<ul class=\"pagination\">\n\t    \n\t\n\n<li >\n\t<a href='?page_no=9438'>Previous<\/a>\n\t<\/li>\n\n\n       \n    \n\n<li><a href='?page_no=1'>1<\/a><\/li>\n\n\n\n<li><a href='?page_no=2'>2<\/a><\/li>\n\n\n\n<li><a>...<\/a><\/li>\n\n\n\n<li><a href='?page_no=9437'>9437<\/a><\/li>\n\n\n\n<li><a href='?page_no=9438'>9438<\/a><\/li>\n\n\n\n<li class='active'><a>9439<\/a><\/li>\n\n\n\n<li><a href='?page_no=9440'>9440<\/a><\/li>\n\n\n\n<li><a href='?page_no=9441'>9441<\/a><\/li>\n\n\n\n<li><a>...<\/a><\/li>\n\n\n\n<li><a href='?page_no=36618'>36618<\/a><\/li>\n\n\n\n<li><a href='?page_no=36619'>36619<\/a><\/li>\n\n    \n\t\n\n<li >\n\t<a href='?page_no=9440'>Next<\/a>\n\t<\/li>\n\n\n    \n\n<li><a href='?page_no=36619'>Last &rsaquo;&rsaquo;<\/a><\/li>\n\n<\/ul>\n\n\n--><br \/>\n<\/body><\/p>\n","protected":false},"excerpt":{"rendered":"<p>Santo Domingo, RD, 8 de marzo, -Unas cuantas semanas despu\u00e9s de terminada la campa\u00f1a, Giancarlo Stanton viaj\u00f3 a R\u00edo de Janeiro para pintar con aerosol un mural callejero en homenaje a Jos\u00e9 Fern\u00e1ndez. El dolor por la tr\u00e1gica muerte del estelar lanzador sigue a flor de piel en los Marlins de Miami al afrontar la [&hellip;]<\/p>\n","protected":false},"author":3,"featured_media":0,"comment_status":"open","ping_status":"open","sticky":false,"template":"","format":"standard","meta":{"footnotes":""},"categories":[17],"tags":[],"class_list":["post-210213","post","type-post","status-publish","format-standard","hentry","category-deportes"],"_links":{"self":[{"href":"https:\/\/diariodominicano.com\/index.php?rest_route=\/wp\/v2\/posts\/210213","targetHints":{"allow":["GET"]}}],"collection":[{"href":"https:\/\/diariodominicano.com\/index.php?rest_route=\/wp\/v2\/posts"}],"about":[{"href":"https:\/\/diariodominicano.com\/index.php?rest_route=\/wp\/v2\/types\/post"}],"author":[{"embeddable":true,"href":"https:\/\/diariodominicano.com\/index.php?rest_route=\/wp\/v2\/users\/3"}],"replies":[{"embeddable":true,"href":"https:\/\/diariodominicano.com\/index.php?rest_route=%2Fwp%2Fv2%2Fcomments&post=210213"}],"version-history":[{"count":0,"href":"https:\/\/diariodominicano.com\/index.php?rest_route=\/wp\/v2\/posts\/210213\/revisions"}],"wp:attachment":[{"href":"https:\/\/diariodominicano.com\/index.php?rest_route=%2Fwp%2Fv2%2Fmedia&parent=210213"}],"wp:term":[{"taxonomy":"category","embeddable":true,"href":"https:\/\/diariodominicano.com\/index.php?rest_route=%2Fwp%2Fv2%2Fcategories&post=210213"},{"taxonomy":"post_tag","embeddable":true,"href":"https:\/\/diariodominicano.com\/index.php?rest_route=%2Fwp%2Fv2%2Ftags&post=210213"}],"curies":[{"name":"wp","href":"https:\/\/api.w.org\/{rel}","templated":true}]}}