{"id":210212,"date":"2017-03-08T13:02:41","date_gmt":"2017-03-08T13:02:41","guid":{"rendered":"http:\/\/diariodominicano.ddns.net\/?p=210212"},"modified":"2017-03-08T13:02:41","modified_gmt":"2017-03-08T13:02:41","slug":"dallas-keuchel-debutaria-en-la-liga-de-la-toronja-el-domingo","status":"publish","type":"post","link":"https:\/\/diariodominicano.com\/?p=210212","title":{"rendered":"Dallas Keuchel debutar\u00eda en la Liga de la Toronja el domingo"},"content":{"rendered":"<p><body><\/p>\n<p><img decoding=\"async\" src=\"img3\/Keuchel1280_fsg55qq5_ldpe7dyz.jpg\" \/>  <\/p>\n<\/p>\n<\/p>\n<p>WEST PALM BEACH, Florida, 08 de marzo, &#8211; Luego de lanzar sin contratiempo alguno en un juego simulado, el zurdo de los Astros, Dallas Keuchel, tiene previsto hacer su primera apertura en la Liga de la Toronja el domingo ante los Marlins en Jupiter, Florida.<\/p>\n<\/p>\n<p>El equipo anticipa que Keuchel, ganador del Premio Cy Young en la Liga Americana en el 2015, lance por lo menos dos innings en dicho encuentro, indic\u00f3 el capataz A.J. Hinch.<\/p>\n<p>Si todo sale como previsto, Keuchel estar\u00eda en posici\u00f3n de abrir por los Astros en el D\u00eda Inaugural por tercera campa\u00f1a consecutiva.<\/p>\n<p>\u00abEs un buen paso para \u00e9l y luce estar listo\u00bb, dijo Hinch con respecto a Keuchel. \u00abSi todo marcha bien, espero que lance en el D\u00eda Inaugural. No quiero garantizarlo ahora mismo, porque si necesita d\u00edas de descanso adicionales, eso lo afectar\u00eda. La meta final no es que lance en el D\u00eda Inaugural; es prepararlo para una temporada completa\u00bb<\/p>\n<h6> 2017-03-08 13:02:41 <\/h6>\n<p><!--\n<link rel=\"stylesheet\" href=\"css\/bootstrap.min.css\">\n\n\n<ul class=\"pagination\">\n\t    \n\t\n\n<li >\n\t<a href='?page_no=9437'>Previous<\/a>\n\t<\/li>\n\n\n       \n    \n\n<li><a href='?page_no=1'>1<\/a><\/li>\n\n\n\n<li><a href='?page_no=2'>2<\/a><\/li>\n\n\n\n<li><a>...<\/a><\/li>\n\n\n\n<li><a href='?page_no=9436'>9436<\/a><\/li>\n\n\n\n<li><a href='?page_no=9437'>9437<\/a><\/li>\n\n\n\n<li class='active'><a>9438<\/a><\/li>\n\n\n\n<li><a href='?page_no=9439'>9439<\/a><\/li>\n\n\n\n<li><a href='?page_no=9440'>9440<\/a><\/li>\n\n\n\n<li><a>...<\/a><\/li>\n\n\n\n<li><a href='?page_no=36618'>36618<\/a><\/li>\n\n\n\n<li><a href='?page_no=36619'>36619<\/a><\/li>\n\n    \n\t\n\n<li >\n\t<a href='?page_no=9439'>Next<\/a>\n\t<\/li>\n\n\n    \n\n<li><a href='?page_no=36619'>Last &rsaquo;&rsaquo;<\/a><\/li>\n\n<\/ul>\n\n\n--><br \/>\n<\/body><\/p>\n","protected":false},"excerpt":{"rendered":"<p>WEST PALM BEACH, Florida, 08 de marzo, &#8211; Luego de lanzar sin contratiempo alguno en un juego simulado, el zurdo de los Astros, Dallas Keuchel, tiene previsto hacer su primera apertura en la Liga de la Toronja el domingo ante los Marlins en Jupiter, Florida. El equipo anticipa que Keuchel, ganador del Premio Cy Young [&hellip;]<\/p>\n","protected":false},"author":3,"featured_media":0,"comment_status":"open","ping_status":"open","sticky":false,"template":"","format":"standard","meta":{"footnotes":""},"categories":[17],"tags":[],"class_list":["post-210212","post","type-post","status-publish","format-standard","hentry","category-deportes"],"_links":{"self":[{"href":"https:\/\/diariodominicano.com\/index.php?rest_route=\/wp\/v2\/posts\/210212","targetHints":{"allow":["GET"]}}],"collection":[{"href":"https:\/\/diariodominicano.com\/index.php?rest_route=\/wp\/v2\/posts"}],"about":[{"href":"https:\/\/diariodominicano.com\/index.php?rest_route=\/wp\/v2\/types\/post"}],"author":[{"embeddable":true,"href":"https:\/\/diariodominicano.com\/index.php?rest_route=\/wp\/v2\/users\/3"}],"replies":[{"embeddable":true,"href":"https:\/\/diariodominicano.com\/index.php?rest_route=%2Fwp%2Fv2%2Fcomments&post=210212"}],"version-history":[{"count":0,"href":"https:\/\/diariodominicano.com\/index.php?rest_route=\/wp\/v2\/posts\/210212\/revisions"}],"wp:attachment":[{"href":"https:\/\/diariodominicano.com\/index.php?rest_route=%2Fwp%2Fv2%2Fmedia&parent=210212"}],"wp:term":[{"taxonomy":"category","embeddable":true,"href":"https:\/\/diariodominicano.com\/index.php?rest_route=%2Fwp%2Fv2%2Fcategories&post=210212"},{"taxonomy":"post_tag","embeddable":true,"href":"https:\/\/diariodominicano.com\/index.php?rest_route=%2Fwp%2Fv2%2Ftags&post=210212"}],"curies":[{"name":"wp","href":"https:\/\/api.w.org\/{rel}","templated":true}]}}