{"id":210211,"date":"2017-03-08T13:08:33","date_gmt":"2017-03-08T13:08:33","guid":{"rendered":"http:\/\/diariodominicano.ddns.net\/?p=210211"},"modified":"2017-03-08T13:08:33","modified_gmt":"2017-03-08T13:08:33","slug":"corredora-jamaicana-shelly-ann-fraser-anuncia-embarazo","status":"publish","type":"post","link":"https:\/\/diariodominicano.com\/?p=210211","title":{"rendered":"Corredora jamaicana Shelly-Ann Fraser anuncia embarazo"},"content":{"rendered":"<p><body><\/p>\n<p><img decoding=\"async\" src=\"img3\/Shelly-Ann-Fraser.jpg\" \/>  <\/p>\n<\/p>\n<p>Kingston, 8 mar (PL) La corredora jamaicana Shelly-Ann Fraser-Pryce anunci\u00f3 hoy su embarazo a trav\u00e9s de su cuenta de la red social Instagram, por lo que presumiblemente estar\u00e1 ausente del Campeonato Mundial de Atletismo de Londres-2017.<\/p>\n<\/p>\n<p>Fraser-Pryce, doble campeona ol\u00edmpica y siete veces titular del orbe, colg\u00f3 una foto en Instagram en la que da muestra de su estado de gestaci\u00f3n tras comentar que &#8216;un nuevo cap\u00edtulo espera, hola maternidad, nos vemos pronto&#8217;.<\/p>\n<\/p>\n<p>De esta manera, la Rocket Pocket (Cohete de bolsillo), como tambi\u00e9n se le conoce a la carism\u00e1tica velocista, estar\u00e1 imposibilitada de defender en la cita brit\u00e1nica su t\u00edtulo en los 100 metros planos.<\/p>\n<\/p>\n<p>Asimismo, tampoco podr\u00e1 incrementar su bot\u00edn de 16 medallas obtenidas en los principales eventos internacionales del deporte<\/p>\n<h6> 2017-03-08 13:08:33 <\/h6>\n<p><!--\n<link rel=\"stylesheet\" href=\"css\/bootstrap.min.css\">\n\n\n<ul class=\"pagination\">\n\t    \n\t\n\n<li >\n\t<a href='?page_no=9436'>Previous<\/a>\n\t<\/li>\n\n\n       \n    \n\n<li><a href='?page_no=1'>1<\/a><\/li>\n\n\n\n<li><a href='?page_no=2'>2<\/a><\/li>\n\n\n\n<li><a>...<\/a><\/li>\n\n\n\n<li><a href='?page_no=9435'>9435<\/a><\/li>\n\n\n\n<li><a href='?page_no=9436'>9436<\/a><\/li>\n\n\n\n<li class='active'><a>9437<\/a><\/li>\n\n\n\n<li><a href='?page_no=9438'>9438<\/a><\/li>\n\n\n\n<li><a href='?page_no=9439'>9439<\/a><\/li>\n\n\n\n<li><a>...<\/a><\/li>\n\n\n\n<li><a href='?page_no=36618'>36618<\/a><\/li>\n\n\n\n<li><a href='?page_no=36619'>36619<\/a><\/li>\n\n    \n\t\n\n<li >\n\t<a href='?page_no=9438'>Next<\/a>\n\t<\/li>\n\n\n    \n\n<li><a href='?page_no=36619'>Last &rsaquo;&rsaquo;<\/a><\/li>\n\n<\/ul>\n\n\n--><br \/>\n<\/body><\/p>\n","protected":false},"excerpt":{"rendered":"<p>Kingston, 8 mar (PL) La corredora jamaicana Shelly-Ann Fraser-Pryce anunci\u00f3 hoy su embarazo a trav\u00e9s de su cuenta de la red social Instagram, por lo que presumiblemente estar\u00e1 ausente del Campeonato Mundial de Atletismo de Londres-2017. Fraser-Pryce, doble campeona ol\u00edmpica y siete veces titular del orbe, colg\u00f3 una foto en Instagram en la que da [&hellip;]<\/p>\n","protected":false},"author":3,"featured_media":0,"comment_status":"open","ping_status":"open","sticky":false,"template":"","format":"standard","meta":{"footnotes":""},"categories":[17],"tags":[],"class_list":["post-210211","post","type-post","status-publish","format-standard","hentry","category-deportes"],"_links":{"self":[{"href":"https:\/\/diariodominicano.com\/index.php?rest_route=\/wp\/v2\/posts\/210211","targetHints":{"allow":["GET"]}}],"collection":[{"href":"https:\/\/diariodominicano.com\/index.php?rest_route=\/wp\/v2\/posts"}],"about":[{"href":"https:\/\/diariodominicano.com\/index.php?rest_route=\/wp\/v2\/types\/post"}],"author":[{"embeddable":true,"href":"https:\/\/diariodominicano.com\/index.php?rest_route=\/wp\/v2\/users\/3"}],"replies":[{"embeddable":true,"href":"https:\/\/diariodominicano.com\/index.php?rest_route=%2Fwp%2Fv2%2Fcomments&post=210211"}],"version-history":[{"count":0,"href":"https:\/\/diariodominicano.com\/index.php?rest_route=\/wp\/v2\/posts\/210211\/revisions"}],"wp:attachment":[{"href":"https:\/\/diariodominicano.com\/index.php?rest_route=%2Fwp%2Fv2%2Fmedia&parent=210211"}],"wp:term":[{"taxonomy":"category","embeddable":true,"href":"https:\/\/diariodominicano.com\/index.php?rest_route=%2Fwp%2Fv2%2Fcategories&post=210211"},{"taxonomy":"post_tag","embeddable":true,"href":"https:\/\/diariodominicano.com\/index.php?rest_route=%2Fwp%2Fv2%2Ftags&post=210211"}],"curies":[{"name":"wp","href":"https:\/\/api.w.org\/{rel}","templated":true}]}}