{"id":210196,"date":"2017-03-09T13:31:36","date_gmt":"2017-03-09T13:31:36","guid":{"rendered":"http:\/\/diariodominicano.ddns.net\/?p=210196"},"modified":"2017-03-09T13:31:36","modified_gmt":"2017-03-09T13:31:36","slug":"the-strongest-ante-el-independiente-santa-fe-en-copa-libertadores","status":"publish","type":"post","link":"https:\/\/diariodominicano.com\/?p=210196","title":{"rendered":"The Strongest ante el Independiente Santa Fe en Copa Libertadores"},"content":{"rendered":"<p><body><\/p>\n<p><img decoding=\"async\" src=\"img3\/Copa-Libertadores.jpg\" \/>  <\/p>\n<p><span class=\"text1noticias\">La Paz, 9 mar (PL) Liderado por el mediocampista ofensivo Pablo Escobar, el club boliviano The Strongest enfrenta hoy aqu\u00ed al Independiente Santa Fe colombiano dentro del grupo dos correspondiente a la Copa Libertadores de Am\u00e9rica de f\u00fatbol.<\/span><\/p>\n<\/p>\n<p><span class=\"text1noticias\">La representaci\u00f3n del altiplano recibe muy inspirada al plantel cafetero, luego de ganar el \u00faltimo torneo nacional y conseguir claros triunfos en las fases preliminares del certamen regional.<\/span><\/p>\n<\/p>\n<p><span class=\"text1noticias\">En la segunda ronda elimin\u00f3 al Montevideo Wanderers uruguayo y en la tercera, al chileno Uni\u00f3n Espa\u00f1ola, a quien en el partido de vuelta le recet\u00f3 una goleada de 5-0.<\/span><\/p>\n<\/p>\n<p><span class=\"text1noticias\">El conjunto boliviano ha exhibido una delantera contundente, apoyada en el trabajo de su cerebro y capit\u00e1n, el paraguayo naturalizado boliviano, Escobar y el centrocampista Alejandro Chumacero, quien brill\u00f3 como goleador en las fases anteriores de la Libertadores.<\/span><\/p>\n<\/p>\n<p><span class=\"text1noticias\">Adem\u00e1s, cuenta con el ext\u00e9cnico de la selecci\u00f3n venezolana C\u00e9sar Far\u00edas, quien le impregn\u00f3 al equipo un f\u00fatbol eficiente y contundente.<\/span><\/p>\n<\/p>\n<p><span class=\"text1noticias\">Es probable que Far\u00edas no realice grandes variaciones en la n\u00f3mina titular. Escobar, por ejemplo, juega casi de memoria con el \u00e1gil volante Alejandro Chumacero y apoya el desempe\u00f1o de dos delanteros netos: el uruguayo Mat\u00edas Alonso y Rodrigo Ramallo.<\/span><\/p>\n<\/p>\n<p><span class=\"text1noticias\">Independiente Santa Fe llega a Bolivia con sus laureles de \u00faltimo campe\u00f3n del torneo colombiano y una amplia participaci\u00f3n en justas internacionales, como en la Copa Sudamericana, en la que conquist\u00f3 el t\u00edtulo en 2015.<\/span><\/p>\n<\/p>\n<p><span class=\"text1noticias\">Tiene a su favor un t\u00e9cnico argentino exitoso como Gustavo Costas y un portero Leandro Castellanos, que suma 954 minutos sin recibir un gol.<\/span><\/p>\n<\/p>\n<p><span class=\"text1noticias\">Costas tiene problemas con el ataque. S\u00f3lo tiene a dos delanteros, Anderson Plata y Jorge Obreg\u00f3n, y no podr\u00e1 contar por diferentes causas con el argentino Denis Stracqualursi, Damir Ceter, Adolfo Valencia y Humberto Osorio.<\/span><\/p>\n<\/p>\n<p><span class=\"text1noticias\">&#8216;Va a ser un partido complicado porque ellos son muy fuertes de locales, nosotros trataremos de hacer lo que sabemos, y en defensa brindar la seguridad y as\u00ed conseguir los tres puntos&#8217;, afirm\u00f3 el colombiano Carlos Henao.<\/span><\/p>\n<\/p>\n<p><span class=\"text1noticias\">Probables alineaciones: <\/span><\/p>\n<\/p>\n<p><span class=\"text1noticias\">-The Strongest: Daniel Vaca &#8211; Diego Bejarano, Luis Maldonado, Fernando Marteli, Marvin Bejarano &#8211; Alejandro Chumacero, W\u00e1lter Veizaga, Raul Castro, Diego Wayar &#8211; Pablo Escobar y Mat\u00edas Alonso.<\/span><\/p>\n<\/p>\n<p><span class=\"text1noticias\">DT: C\u00e9sar Far\u00edas.<\/span><\/p>\n<\/p>\n<p><span class=\"text1noticias\">-Independiente Santa Fe: Leandro Castellanos &#8211; Carlos Henao, William Tesillo, Carlos Arboleda, Javier L\u00f3pez &#8211; Juan Daniel Roa, Yeison Gordillo, Omar P\u00e9rez, Baldomero Perlaza &#8211; Jonathan G\u00f3mez y Humberto Osorio.<\/span><\/p>\n<\/p>\n<h6> 2017-03-09 13:31:36 <\/h6>\n<p><!--\n<link rel=\"stylesheet\" href=\"css\/bootstrap.min.css\">\n\n\n<ul class=\"pagination\">\n\t    \n\t\n\n<li >\n\t<a href='?page_no=9422'>Previous<\/a>\n\t<\/li>\n\n\n       \n    \n\n<li><a href='?page_no=1'>1<\/a><\/li>\n\n\n\n<li><a href='?page_no=2'>2<\/a><\/li>\n\n\n\n<li><a>...<\/a><\/li>\n\n\n\n<li><a href='?page_no=9421'>9421<\/a><\/li>\n\n\n\n<li><a href='?page_no=9422'>9422<\/a><\/li>\n\n\n\n<li class='active'><a>9423<\/a><\/li>\n\n\n\n<li><a href='?page_no=9424'>9424<\/a><\/li>\n\n\n\n<li><a href='?page_no=9425'>9425<\/a><\/li>\n\n\n\n<li><a>...<\/a><\/li>\n\n\n\n<li><a href='?page_no=36618'>36618<\/a><\/li>\n\n\n\n<li><a href='?page_no=36619'>36619<\/a><\/li>\n\n    \n\t\n\n<li >\n\t<a href='?page_no=9424'>Next<\/a>\n\t<\/li>\n\n\n    \n\n<li><a href='?page_no=36619'>Last &rsaquo;&rsaquo;<\/a><\/li>\n\n<\/ul>\n\n\n--><br \/>\n<\/body><\/p>\n","protected":false},"excerpt":{"rendered":"<p>La Paz, 9 mar (PL) Liderado por el mediocampista ofensivo Pablo Escobar, el club boliviano The Strongest enfrenta hoy aqu\u00ed al Independiente Santa Fe colombiano dentro del grupo dos correspondiente a la Copa Libertadores de Am\u00e9rica de f\u00fatbol. La representaci\u00f3n del altiplano recibe muy inspirada al plantel cafetero, luego de ganar el \u00faltimo torneo nacional [&hellip;]<\/p>\n","protected":false},"author":3,"featured_media":0,"comment_status":"open","ping_status":"open","sticky":false,"template":"","format":"standard","meta":{"footnotes":""},"categories":[17],"tags":[],"class_list":["post-210196","post","type-post","status-publish","format-standard","hentry","category-deportes"],"_links":{"self":[{"href":"https:\/\/diariodominicano.com\/index.php?rest_route=\/wp\/v2\/posts\/210196","targetHints":{"allow":["GET"]}}],"collection":[{"href":"https:\/\/diariodominicano.com\/index.php?rest_route=\/wp\/v2\/posts"}],"about":[{"href":"https:\/\/diariodominicano.com\/index.php?rest_route=\/wp\/v2\/types\/post"}],"author":[{"embeddable":true,"href":"https:\/\/diariodominicano.com\/index.php?rest_route=\/wp\/v2\/users\/3"}],"replies":[{"embeddable":true,"href":"https:\/\/diariodominicano.com\/index.php?rest_route=%2Fwp%2Fv2%2Fcomments&post=210196"}],"version-history":[{"count":0,"href":"https:\/\/diariodominicano.com\/index.php?rest_route=\/wp\/v2\/posts\/210196\/revisions"}],"wp:attachment":[{"href":"https:\/\/diariodominicano.com\/index.php?rest_route=%2Fwp%2Fv2%2Fmedia&parent=210196"}],"wp:term":[{"taxonomy":"category","embeddable":true,"href":"https:\/\/diariodominicano.com\/index.php?rest_route=%2Fwp%2Fv2%2Fcategories&post=210196"},{"taxonomy":"post_tag","embeddable":true,"href":"https:\/\/diariodominicano.com\/index.php?rest_route=%2Fwp%2Fv2%2Ftags&post=210196"}],"curies":[{"name":"wp","href":"https:\/\/api.w.org\/{rel}","templated":true}]}}