{"id":210184,"date":"2017-03-10T13:17:17","date_gmt":"2017-03-10T13:17:17","guid":{"rendered":"http:\/\/diariodominicano.ddns.net\/?p=210184"},"modified":"2017-03-10T13:17:17","modified_gmt":"2017-03-10T13:17:17","slug":"yasiel-puig-intenta-recuperar-su-puesto-con-los-dodgers","status":"publish","type":"post","link":"https:\/\/diariodominicano.com\/?p=210184","title":{"rendered":"Yasiel Puig intenta recuperar su puesto con los Dodgers"},"content":{"rendered":"<p><body><\/p>\n<p><img decoding=\"async\" src=\"img3\/yasel.jpg\" \/>  <\/p>\n<\/p>\n<p>PHOENIX, 10 de marzo,  &#8211; Mientras algunos de sus compa\u00f1eros en los jardines de los Dodgers est\u00e1n descansando para recuperarse de lesiones menores, Yasiel Puig trabaja esta pretemporada en busca de recuperar su puesto.<\/p>\n<\/p>\n<p>Las acciones del jardinero derecho, todo un fen\u00f3meno cuando debut\u00f3 en las mayores en 2013, han perdido valor en las \u00faltimas temporadas, y el cubano incluso fue enviado a las menores en agosto del a\u00f1o pasado.<\/p>\n<p>\u00abMe estoy preparando cada d\u00eda para tener una buena temporada y ayudar a mi equipo, y para preservar mis amistades\u00bb, dijo Puig tras jugar cinco y medio innings el mi\u00e9rcoles en un partido de pretemporada.<\/p>\n<p>Puig era considerado como una superestrella del futuro, un jugador con una personalidad efervescente, potencia en el bate y un ca\u00f1\u00f3n en el brazo.<\/p>\n<p>Debut\u00f3 en las mayores a los 22 a\u00f1os y se apoder\u00f3 de la titularidad en el jard\u00edn derecho tras ser ascendido de las menores a principios de junio de 2013. Esa campa\u00f1a bate\u00f3 .319 con 19 jonrones en 104 partidos, y agreg\u00f3 13 hits en la postemporada.<\/p>\n<p>Al a\u00f1o siguiente, fue elegido al Juego de Estrellas, y parec\u00eda encaminarse a codearse con los grandes. Pero luego empez\u00f3 a mermar su producci\u00f3n, tuvo algunos encontronazos con compa\u00f1eros que arrojaron dudas sobre su madurez, y tuvo lesiones en 2015 y 2016. Los Dodgers se hartaron el a\u00f1o pasado, y lo mandaron a Triple-A en agosto.<\/p>\n<p>Puig perdi\u00f3 su posici\u00f3n cuando los Dodgers adquirieron a Josh Reddick en un canje. Ahora que Reddick se fue a Houston, el cubano tiene la oportunidad de volver a jugar a diario, y ha sido utilizado m\u00e1s mientras Andre Ethier, Andrew Toles y Trayce Thompson se recuperan de algunas dolencias.<\/p>\n<p>Puig admiti\u00f3 antes de estos campos de entrenamiento que \u00e9l es el \u00fanico culpable por su comportamiento. Dijo que este a\u00f1o est\u00e1 m\u00e1s enfocado e incluso entiende la raz\u00f3n por la que fue enviado a las menores.<\/p>\n<p>\u00abFue dif\u00edcil, pero hay que seguir trabajando. El pasado es el pasado, y no estoy pensando en eso\u00bb, afirm\u00f3. \u00abSigo feliz por estar con este equipo, y quiero ayudarlo a ganar la Serie Mundial\u00bb.<\/p>\n<p>Los Dodgers podr\u00edan decidir usar una combinaci\u00f3n de varios jugadores en el jard\u00edn derecho, alternando entre Puig, Toles, Ethier o Franklin Guti\u00e9rrez. Pero el manager Dave Roberts est\u00e1 contento con lo que ha visto hasta ahora del cubano.<\/p>\n<p>\u00abEn cuanto al camerino, ha hecho todo lo que se supone que haga. Est\u00e1 haciendo lo mismo que los dem\u00e1s, trabajando duro, prepar\u00e1ndose\u00bb, dijo Roberts.<\/p>\n<h6> 2017-03-10 13:17:17 <\/h6>\n<p><!--\n<link rel=\"stylesheet\" href=\"css\/bootstrap.min.css\">\n\n\n<ul class=\"pagination\">\n\t    \n\t\n\n<li >\n\t<a href='?page_no=9411'>Previous<\/a>\n\t<\/li>\n\n\n       \n    \n\n<li><a href='?page_no=1'>1<\/a><\/li>\n\n\n\n<li><a href='?page_no=2'>2<\/a><\/li>\n\n\n\n<li><a>...<\/a><\/li>\n\n\n\n<li><a href='?page_no=9410'>9410<\/a><\/li>\n\n\n\n<li><a href='?page_no=9411'>9411<\/a><\/li>\n\n\n\n<li class='active'><a>9412<\/a><\/li>\n\n\n\n<li><a href='?page_no=9413'>9413<\/a><\/li>\n\n\n\n<li><a href='?page_no=9414'>9414<\/a><\/li>\n\n\n\n<li><a>...<\/a><\/li>\n\n\n\n<li><a href='?page_no=36618'>36618<\/a><\/li>\n\n\n\n<li><a href='?page_no=36619'>36619<\/a><\/li>\n\n    \n\t\n\n<li >\n\t<a href='?page_no=9413'>Next<\/a>\n\t<\/li>\n\n\n    \n\n<li><a href='?page_no=36619'>Last &rsaquo;&rsaquo;<\/a><\/li>\n\n<\/ul>\n\n\n--><br \/>\n<\/body><\/p>\n","protected":false},"excerpt":{"rendered":"<p>PHOENIX, 10 de marzo, &#8211; Mientras algunos de sus compa\u00f1eros en los jardines de los Dodgers est\u00e1n descansando para recuperarse de lesiones menores, Yasiel Puig trabaja esta pretemporada en busca de recuperar su puesto. Las acciones del jardinero derecho, todo un fen\u00f3meno cuando debut\u00f3 en las mayores en 2013, han perdido valor en las \u00faltimas [&hellip;]<\/p>\n","protected":false},"author":3,"featured_media":0,"comment_status":"open","ping_status":"open","sticky":false,"template":"","format":"standard","meta":{"footnotes":""},"categories":[17],"tags":[],"class_list":["post-210184","post","type-post","status-publish","format-standard","hentry","category-deportes"],"_links":{"self":[{"href":"https:\/\/diariodominicano.com\/index.php?rest_route=\/wp\/v2\/posts\/210184","targetHints":{"allow":["GET"]}}],"collection":[{"href":"https:\/\/diariodominicano.com\/index.php?rest_route=\/wp\/v2\/posts"}],"about":[{"href":"https:\/\/diariodominicano.com\/index.php?rest_route=\/wp\/v2\/types\/post"}],"author":[{"embeddable":true,"href":"https:\/\/diariodominicano.com\/index.php?rest_route=\/wp\/v2\/users\/3"}],"replies":[{"embeddable":true,"href":"https:\/\/diariodominicano.com\/index.php?rest_route=%2Fwp%2Fv2%2Fcomments&post=210184"}],"version-history":[{"count":0,"href":"https:\/\/diariodominicano.com\/index.php?rest_route=\/wp\/v2\/posts\/210184\/revisions"}],"wp:attachment":[{"href":"https:\/\/diariodominicano.com\/index.php?rest_route=%2Fwp%2Fv2%2Fmedia&parent=210184"}],"wp:term":[{"taxonomy":"category","embeddable":true,"href":"https:\/\/diariodominicano.com\/index.php?rest_route=%2Fwp%2Fv2%2Fcategories&post=210184"},{"taxonomy":"post_tag","embeddable":true,"href":"https:\/\/diariodominicano.com\/index.php?rest_route=%2Fwp%2Fv2%2Ftags&post=210184"}],"curies":[{"name":"wp","href":"https:\/\/api.w.org\/{rel}","templated":true}]}}