{"id":210179,"date":"2017-03-11T10:53:00","date_gmt":"2017-03-11T10:53:00","guid":{"rendered":"http:\/\/diariodominicano.ddns.net\/?p=210179"},"modified":"2017-03-11T10:53:00","modified_gmt":"2017-03-11T10:53:00","slug":"fundotab-organiza-carrera-10k-y-caminata-5k","status":"publish","type":"post","link":"https:\/\/diariodominicano.com\/?p=210179","title":{"rendered":"Fundotab organiza carrera 10K y caminata 5K"},"content":{"rendered":"<p><body><\/p>\n<p><img decoding=\"async\" src=\"img3\/bipolar.jpg\" \/>  <\/p>\n<p><span class=\"text1noticias\">Santo Domingo, 11 de marzo.- La Fundaci\u00f3n Dominicana de Trastorno Afectivo Bipolar (FundoTAB) inform\u00f3 que por motivo de celebrarse en este mes el D\u00eda Mundial del Trastorno Afectivo Bipolar (TAB) realizar\u00e1 la 2da. Carrera-Caminata \u00abMente Sana, Cuerpo Sano\u00bb el domingo 26 de marzo, a las 8:30am. en el kil\u00f3metro 0 del Parque Mirador Sur de Santo Domingo.<\/span><\/p>\n<p><span class=\"text1noticias\"> <\/span><\/p>\n<p><span class=\"text1noticias\">El evento de salud, que es organizado por People Marketing, iniciar\u00e1 en el \u00a8KM 0\u00a8 donde, adem\u00e1s de ser el inicio y fin del recorridose llevar\u00e1 a cabo una feria de salud, clases de Zumba, Aer\u00f3bicos, Yoga y ejercicios de meditaci\u00f3n para el disfrute de todos los asistentes. En paralelo, se realizar\u00e1 una jornada de reciclaje de pl\u00e1stico en colaboraci\u00f3n con los voluntarios y el equipo del Blog CulturaGreen y Green Love RD, con el fin de reciclar todo el pl\u00e1stico generado durante la actividad.<\/span><\/p>\n<\/p>\n<p>Las inscripciones para la carrera-caminata est\u00e1ran abiertas a partir de el lunes 6 de marzo en varios puntos de venta con un costo de RD$300 para los caminantes y RD$500 para los corredores.<\/p>\n<p>Puntos de venta:<\/p>\n<p>*FundoTAB, c\/ Rafael augusto Sanchez#5, Ensanche Evaristo Morales con el tel\u00e9fono 809-562-3395.<\/p>\n<p>*Los dem\u00e1s puntos de venta se iran anunciando seg\u00fan est\u00e9n disponibles.<\/p>\n<\/p>\n<p>Los fondos recaudados ser\u00e1n destinados al desarrollo y tratamiento de pacientes con trastorno afectivo bipolar y otras enfermedades mentales.<\/p>\n<\/p>\n<p>\u00abTrabajo con la decisi\u00f3n no con la necesidad de las personas que padecen delTrastono Bipolar cuya esperanza se fundamenta a travezde la mirada positiva de quien desea ayudar. Juntos podemos  hacer la diferencia, ven y acompa\u00f1anos a construir una sociedad libre de ataduras y prejuicios para que podamos tener una mente sana y un cuerpo sano\u00bb<\/p>\n<h6> 2017-03-11 10:53:00 <\/h6>\n<p><!--\n<link rel=\"stylesheet\" href=\"css\/bootstrap.min.css\">\n\n\n<ul class=\"pagination\">\n\t    \n\t\n\n<li >\n\t<a href='?page_no=9407'>Previous<\/a>\n\t<\/li>\n\n\n       \n    \n\n<li><a href='?page_no=1'>1<\/a><\/li>\n\n\n\n<li><a href='?page_no=2'>2<\/a><\/li>\n\n\n\n<li><a>...<\/a><\/li>\n\n\n\n<li><a href='?page_no=9406'>9406<\/a><\/li>\n\n\n\n<li><a href='?page_no=9407'>9407<\/a><\/li>\n\n\n\n<li class='active'><a>9408<\/a><\/li>\n\n\n\n<li><a href='?page_no=9409'>9409<\/a><\/li>\n\n\n\n<li><a href='?page_no=9410'>9410<\/a><\/li>\n\n\n\n<li><a>...<\/a><\/li>\n\n\n\n<li><a href='?page_no=36618'>36618<\/a><\/li>\n\n\n\n<li><a href='?page_no=36619'>36619<\/a><\/li>\n\n    \n\t\n\n<li >\n\t<a href='?page_no=9409'>Next<\/a>\n\t<\/li>\n\n\n    \n\n<li><a href='?page_no=36619'>Last &rsaquo;&rsaquo;<\/a><\/li>\n\n<\/ul>\n\n\n--><br \/>\n<\/body><\/p>\n","protected":false},"excerpt":{"rendered":"<p>Santo Domingo, 11 de marzo.- La Fundaci\u00f3n Dominicana de Trastorno Afectivo Bipolar (FundoTAB) inform\u00f3 que por motivo de celebrarse en este mes el D\u00eda Mundial del Trastorno Afectivo Bipolar (TAB) realizar\u00e1 la 2da. Carrera-Caminata \u00abMente Sana, Cuerpo Sano\u00bb el domingo 26 de marzo, a las 8:30am. en el kil\u00f3metro 0 del Parque Mirador Sur de [&hellip;]<\/p>\n","protected":false},"author":3,"featured_media":0,"comment_status":"open","ping_status":"open","sticky":false,"template":"","format":"standard","meta":{"footnotes":""},"categories":[17],"tags":[],"class_list":["post-210179","post","type-post","status-publish","format-standard","hentry","category-deportes"],"_links":{"self":[{"href":"https:\/\/diariodominicano.com\/index.php?rest_route=\/wp\/v2\/posts\/210179","targetHints":{"allow":["GET"]}}],"collection":[{"href":"https:\/\/diariodominicano.com\/index.php?rest_route=\/wp\/v2\/posts"}],"about":[{"href":"https:\/\/diariodominicano.com\/index.php?rest_route=\/wp\/v2\/types\/post"}],"author":[{"embeddable":true,"href":"https:\/\/diariodominicano.com\/index.php?rest_route=\/wp\/v2\/users\/3"}],"replies":[{"embeddable":true,"href":"https:\/\/diariodominicano.com\/index.php?rest_route=%2Fwp%2Fv2%2Fcomments&post=210179"}],"version-history":[{"count":0,"href":"https:\/\/diariodominicano.com\/index.php?rest_route=\/wp\/v2\/posts\/210179\/revisions"}],"wp:attachment":[{"href":"https:\/\/diariodominicano.com\/index.php?rest_route=%2Fwp%2Fv2%2Fmedia&parent=210179"}],"wp:term":[{"taxonomy":"category","embeddable":true,"href":"https:\/\/diariodominicano.com\/index.php?rest_route=%2Fwp%2Fv2%2Fcategories&post=210179"},{"taxonomy":"post_tag","embeddable":true,"href":"https:\/\/diariodominicano.com\/index.php?rest_route=%2Fwp%2Fv2%2Ftags&post=210179"}],"curies":[{"name":"wp","href":"https:\/\/api.w.org\/{rel}","templated":true}]}}