{"id":210173,"date":"2017-03-11T14:13:15","date_gmt":"2017-03-11T14:13:15","guid":{"rendered":"http:\/\/diariodominicano.ddns.net\/?p=210173"},"modified":"2017-03-11T14:13:15","modified_gmt":"2017-03-11T14:13:15","slug":"informe-pedro-alvarez-cerca-de-firmar-pacto-de-liga-menor-con-orioles","status":"publish","type":"post","link":"https:\/\/diariodominicano.com\/?p=210173","title":{"rendered":"Informe: Pedro \u00c1lvarez cerca de firmar pacto de liga menor con Orioles"},"content":{"rendered":"<p><body><\/p>\n<p><img decoding=\"async\" src=\"img3\/Alvarez1280_kv18cku5_0qsmmmfx.jpg\" \/>  <\/p>\n<\/p>\n<p>MLB, 11 de marzo, -El dominicano Pedro \u00c1lvarez est\u00e1 cerca de pactar un contrato de liga menor con los Orioles, una fuente le inform\u00f3 al corresponsal Rich Dubroff de MLB.com el s\u00e1bado.<\/p>\n<\/p>\n<p>\u00c1lvarez empalm\u00f3 22 jonrones en 376 visitas al plato por Baltimore en el 2016, su primera campa\u00f1a con el club luego de firmar como agente libre.<\/p>\n<p>En 109 compromisos, el quisqueyano de 30 a\u00f1os de edad vio acci\u00f3n como bateador designado y tercera base. Su promedio de bateo para la temporada fue de .249.<\/p>\n<h6> 2017-03-11 14:13:15 <\/h6>\n<p><!--\n<link rel=\"stylesheet\" href=\"css\/bootstrap.min.css\">\n\n\n<ul class=\"pagination\">\n\t    \n\t\n\n<li >\n\t<a href='?page_no=9401'>Previous<\/a>\n\t<\/li>\n\n\n       \n    \n\n<li><a href='?page_no=1'>1<\/a><\/li>\n\n\n\n<li><a href='?page_no=2'>2<\/a><\/li>\n\n\n\n<li><a>...<\/a><\/li>\n\n\n\n<li><a href='?page_no=9400'>9400<\/a><\/li>\n\n\n\n<li><a href='?page_no=9401'>9401<\/a><\/li>\n\n\n\n<li class='active'><a>9402<\/a><\/li>\n\n\n\n<li><a href='?page_no=9403'>9403<\/a><\/li>\n\n\n\n<li><a href='?page_no=9404'>9404<\/a><\/li>\n\n\n\n<li><a>...<\/a><\/li>\n\n\n\n<li><a href='?page_no=36618'>36618<\/a><\/li>\n\n\n\n<li><a href='?page_no=36619'>36619<\/a><\/li>\n\n    \n\t\n\n<li >\n\t<a href='?page_no=9403'>Next<\/a>\n\t<\/li>\n\n\n    \n\n<li><a href='?page_no=36619'>Last &rsaquo;&rsaquo;<\/a><\/li>\n\n<\/ul>\n\n\n--><br \/>\n<\/body><\/p>\n","protected":false},"excerpt":{"rendered":"<p>MLB, 11 de marzo, -El dominicano Pedro \u00c1lvarez est\u00e1 cerca de pactar un contrato de liga menor con los Orioles, una fuente le inform\u00f3 al corresponsal Rich Dubroff de MLB.com el s\u00e1bado. \u00c1lvarez empalm\u00f3 22 jonrones en 376 visitas al plato por Baltimore en el 2016, su primera campa\u00f1a con el club luego de firmar [&hellip;]<\/p>\n","protected":false},"author":3,"featured_media":0,"comment_status":"open","ping_status":"open","sticky":false,"template":"","format":"standard","meta":{"footnotes":""},"categories":[17],"tags":[],"class_list":["post-210173","post","type-post","status-publish","format-standard","hentry","category-deportes"],"_links":{"self":[{"href":"https:\/\/diariodominicano.com\/index.php?rest_route=\/wp\/v2\/posts\/210173","targetHints":{"allow":["GET"]}}],"collection":[{"href":"https:\/\/diariodominicano.com\/index.php?rest_route=\/wp\/v2\/posts"}],"about":[{"href":"https:\/\/diariodominicano.com\/index.php?rest_route=\/wp\/v2\/types\/post"}],"author":[{"embeddable":true,"href":"https:\/\/diariodominicano.com\/index.php?rest_route=\/wp\/v2\/users\/3"}],"replies":[{"embeddable":true,"href":"https:\/\/diariodominicano.com\/index.php?rest_route=%2Fwp%2Fv2%2Fcomments&post=210173"}],"version-history":[{"count":0,"href":"https:\/\/diariodominicano.com\/index.php?rest_route=\/wp\/v2\/posts\/210173\/revisions"}],"wp:attachment":[{"href":"https:\/\/diariodominicano.com\/index.php?rest_route=%2Fwp%2Fv2%2Fmedia&parent=210173"}],"wp:term":[{"taxonomy":"category","embeddable":true,"href":"https:\/\/diariodominicano.com\/index.php?rest_route=%2Fwp%2Fv2%2Fcategories&post=210173"},{"taxonomy":"post_tag","embeddable":true,"href":"https:\/\/diariodominicano.com\/index.php?rest_route=%2Fwp%2Fv2%2Ftags&post=210173"}],"curies":[{"name":"wp","href":"https:\/\/api.w.org\/{rel}","templated":true}]}}