{"id":210171,"date":"2017-03-11T14:20:27","date_gmt":"2017-03-11T14:20:27","guid":{"rendered":"http:\/\/diariodominicano.ddns.net\/?p=210171"},"modified":"2017-03-11T14:20:27","modified_gmt":"2017-03-11T14:20:27","slug":"maikel-franco-espera-cumplir-con-las-expectativas-en-los-filis","status":"publish","type":"post","link":"https:\/\/diariodominicano.com\/?p=210171","title":{"rendered":"Maikel Franco espera cumplir con las expectativas en los Filis"},"content":{"rendered":"<p><body><\/p>\n<p><img decoding=\"async\" src=\"img3\/franco1280_qz00pl49_omsieyvb.jpg\" \/>  <\/p>\n<\/p>\n<p><span class=\"text1noticias\">CLEARWATER, Florida, 11 de marzo,  &#8211; Cuando un miembro del Sal\u00f3n de la Fama, considerado el mejor antesalista en la historia de una franquicia, dice que el pelotero que ocupa actualmente su posici\u00f3n es candidato al Jugador M\u00e1s Valioso, la gente lo nota y abriga grandes esperanzas.<\/span><\/p>\n<\/p>\n<p><span class=\"text1noticias\">Maikel Franco no cumpli\u00f3 con esas altas expectativas de Mike Schmidt durante su primera temporada completa con los Filis de Filadelfia. Aunque tampoco fue un desastre, el dominicano sabe que tiene talento para dar m\u00e1s.<\/span><\/p>\n<p><span class=\"text1noticias\">\u00abEste tipo hizo de todo en el b\u00e9isbol\u00bb, coment\u00f3 Franco en referencia a Schmidt. \u00abMe dice c\u00f3mo mejorar cada d\u00eda y estoy orgulloso de o\u00edr que \u00e9l dice eso. Es algo bueno para m\u00ed. Tengo que seguir mejorando, trabajando y demostrando lo que tengo\u00bb.<\/span><\/p>\n<p><span class=\"text1noticias\">Franco bate\u00f3 para .280 con 14 jonrones y 50 impulsadas durante apenas 80 juegos en 2015, cuando lleg\u00f3 a las mayores. Su desempe\u00f1o en media temporada llev\u00f3 a que Schmidt concluyera que el pelotero de Azua estaba a punto de convertirse en algo muy especial.<\/span><\/p>\n<p><span class=\"text1noticias\">Schmidt, tres veces nombrado el Jugador M\u00e1s Valioso de la Liga Nacional, ayud\u00f3 a que los Filis ganaran la Serie Mundial de 1980. Ahora, pasa parte de la pretemporada como instructor invitado por el club. Durante los fines de semana, labora tambi\u00e9n como analista de TV durante los juegos de los Filis en casa.<\/span><\/p>\n<p><span class=\"text1noticias\">Franco tuvo un comienzo espectacular en la primavera de 2016 pero no pudo mantenerlo en la campa\u00f1a regular. Su promedio cay\u00f3 a .255 y su porcentaje de embasado fue de .306.<\/span><\/p>\n<p><span class=\"text1noticias\">Conect\u00f3 25 vuelacercas y remolc\u00f3 88 carreras. Empat\u00f3 al campocorto venezolano Freddy Galvis como l\u00edder del equipo, con 49 extrabases.<\/span><\/p>\n<p><span class=\"text1noticias\">\u00abYo ten\u00eda expectativas superiores sobre Maikel\u00bb, dijo Schmidt. \u00abPude haber tenido las mayores expectativas, principalmente por la forma en que lo vi batear en el entrenamiento de primavera, por nuestras conversaciones personales, por su disposici\u00f3n a escuchar y por su capacidad para relajarse. Era el entrenamiento de primavera y \u00e9l estaba muy relajado, simplemente permit\u00eda que las cosas sucedieran\u00bb.<\/span><\/p>\n<p><span class=\"text1noticias\">Franco sabe que debe ser m\u00e1s disciplinado en el plato. Se ponch\u00f3 106 veces y gestion\u00f3 apenas 40 boletos el a\u00f1o anterior. El manager Pete Mackanin planea colocarlo como cuarto bate detr\u00e1s del venezolano Od\u00fabel Herrera y antes de Michael Saunders.<\/span><\/p>\n<p><span class=\"text1noticias\">\u00abCreo que puedo hacerlo mejor en 2017\u00bb, indic\u00f3 Franco. \u00abS\u00f3lo hay que llegar y buscar una mejora cada d\u00eda. Tengo que apegarme a mi rutina y a mi preparaci\u00f3n. Las expectativas son mayores que el a\u00f1o pasado. Estar\u00e9 listo\u00bb.<\/span><\/p>\n<\/p>\n<h6> 2017-03-11 14:20:27 <\/h6>\n<p><!--\n<link rel=\"stylesheet\" href=\"css\/bootstrap.min.css\">\n\n\n<ul class=\"pagination\">\n\t    \n\t\n\n<li >\n\t<a href='?page_no=9399'>Previous<\/a>\n\t<\/li>\n\n\n       \n    \n\n<li><a href='?page_no=1'>1<\/a><\/li>\n\n\n\n<li><a href='?page_no=2'>2<\/a><\/li>\n\n\n\n<li><a>...<\/a><\/li>\n\n\n\n<li><a href='?page_no=9398'>9398<\/a><\/li>\n\n\n\n<li><a href='?page_no=9399'>9399<\/a><\/li>\n\n\n\n<li class='active'><a>9400<\/a><\/li>\n\n\n\n<li><a href='?page_no=9401'>9401<\/a><\/li>\n\n\n\n<li><a href='?page_no=9402'>9402<\/a><\/li>\n\n\n\n<li><a>...<\/a><\/li>\n\n\n\n<li><a href='?page_no=36618'>36618<\/a><\/li>\n\n\n\n<li><a href='?page_no=36619'>36619<\/a><\/li>\n\n    \n\t\n\n<li >\n\t<a href='?page_no=9401'>Next<\/a>\n\t<\/li>\n\n\n    \n\n<li><a href='?page_no=36619'>Last &rsaquo;&rsaquo;<\/a><\/li>\n\n<\/ul>\n\n\n--><br \/>\n<\/body><\/p>\n","protected":false},"excerpt":{"rendered":"<p>CLEARWATER, Florida, 11 de marzo, &#8211; Cuando un miembro del Sal\u00f3n de la Fama, considerado el mejor antesalista en la historia de una franquicia, dice que el pelotero que ocupa actualmente su posici\u00f3n es candidato al Jugador M\u00e1s Valioso, la gente lo nota y abriga grandes esperanzas. Maikel Franco no cumpli\u00f3 con esas altas expectativas [&hellip;]<\/p>\n","protected":false},"author":3,"featured_media":0,"comment_status":"open","ping_status":"open","sticky":false,"template":"","format":"standard","meta":{"footnotes":""},"categories":[17],"tags":[],"class_list":["post-210171","post","type-post","status-publish","format-standard","hentry","category-deportes"],"_links":{"self":[{"href":"https:\/\/diariodominicano.com\/index.php?rest_route=\/wp\/v2\/posts\/210171","targetHints":{"allow":["GET"]}}],"collection":[{"href":"https:\/\/diariodominicano.com\/index.php?rest_route=\/wp\/v2\/posts"}],"about":[{"href":"https:\/\/diariodominicano.com\/index.php?rest_route=\/wp\/v2\/types\/post"}],"author":[{"embeddable":true,"href":"https:\/\/diariodominicano.com\/index.php?rest_route=\/wp\/v2\/users\/3"}],"replies":[{"embeddable":true,"href":"https:\/\/diariodominicano.com\/index.php?rest_route=%2Fwp%2Fv2%2Fcomments&post=210171"}],"version-history":[{"count":0,"href":"https:\/\/diariodominicano.com\/index.php?rest_route=\/wp\/v2\/posts\/210171\/revisions"}],"wp:attachment":[{"href":"https:\/\/diariodominicano.com\/index.php?rest_route=%2Fwp%2Fv2%2Fmedia&parent=210171"}],"wp:term":[{"taxonomy":"category","embeddable":true,"href":"https:\/\/diariodominicano.com\/index.php?rest_route=%2Fwp%2Fv2%2Fcategories&post=210171"},{"taxonomy":"post_tag","embeddable":true,"href":"https:\/\/diariodominicano.com\/index.php?rest_route=%2Fwp%2Fv2%2Ftags&post=210171"}],"curies":[{"name":"wp","href":"https:\/\/api.w.org\/{rel}","templated":true}]}}