{"id":210166,"date":"2017-03-11T22:41:47","date_gmt":"2017-03-11T22:41:47","guid":{"rendered":"http:\/\/diariodominicano.ddns.net\/?p=210166"},"modified":"2017-03-11T22:41:47","modified_gmt":"2017-03-11T22:41:47","slug":"pedro-martinez-lanzo-la-primera-bola-previo-al-juego-eeuu-rd","status":"publish","type":"post","link":"https:\/\/diariodominicano.com\/?p=210166","title":{"rendered":"Pedro Mart\u00ednez lanz\u00f3 la primera bola previo al juego EEUU-RD"},"content":{"rendered":"<p><body><\/p>\n<p><img decoding=\"async\" src=\"img3\/wbc.jpg\" \/>  <\/p>\n<p>MIAMI, 12 de marzo.- Previo al esperado choque entre la Rep\u00fablica Dominicana y los Estados Unidos el s\u00e1bado en el Grupo C del Cl\u00e1sico Mundial de B\u00e9isbol, el Sal\u00f3n de la Fama Pedro Mart\u00ednez, junto a Joe Torre, lanz\u00f3 la primera bola en el Marlins Park de Miami.<\/p>\n<\/p>\n<p>Mart\u00ednez, uno de dos dominicanos con una placa en Cooperstown, recibi\u00f3 una fuerte ovaci\u00f3n de lo que fue en su gran mayor\u00eda un p\u00fablico de su pa\u00eds en la casa de los Marlins.<\/p>\n<\/p>\n<p>\u00abMe siento muy orgulloso de poder representar a Latinoam\u00e9rica, a nuestro pa\u00eds, servir como embajador a tanta gente y tener el honor de tirar la primera bola aqu\u00ed\u00bb, dijo Mart\u00ednez. \u00abEn la Rep\u00fablica Dominicana todo el mundo se siente muy orgulloso de la manera en que yo he tenido una carrera\u00bb.<\/p>\n<\/p>\n<p>En una trayectoria de 18 a\u00f1os en Grandes Ligas, Mart\u00ednez gan\u00f3 219 juegos, tres Premios Cy Young y fue convocado a ocho Juegos de Estrellas-entre muchas otras haza\u00f1as. Fue exaltado al Sal\u00f3n de la Fama en julio del 2015.<\/p>\n<\/p>\n<p>El s\u00e1bado, Mart\u00ednez not\u00f3 la masiva presencia de fan\u00e1ticos dominicanos en el estadio para apoyar a su selecci\u00f3n.<\/p>\n<p>\u00abMe siento muy contento de saber que el pueblo dominicano se siente unido con su pa\u00eds y con sus peloteros, y que verdaderamente valoran lo que est\u00e1 haciendo nuestro equipo y lo que est\u00e1 haciendo nuestro pa\u00eds\u00bb.<\/p>\n<\/p>\n<p>Foto: WBC en Twitter.-<\/p>\n<h6> 2017-03-11 22:41:47 <\/h6>\n<p><!--\n<link rel=\"stylesheet\" href=\"css\/bootstrap.min.css\">\n\n\n<ul class=\"pagination\">\n\t    \n\t\n\n<li >\n\t<a href='?page_no=9396'>Previous<\/a>\n\t<\/li>\n\n\n       \n    \n\n<li><a href='?page_no=1'>1<\/a><\/li>\n\n\n\n<li><a href='?page_no=2'>2<\/a><\/li>\n\n\n\n<li><a>...<\/a><\/li>\n\n\n\n<li><a href='?page_no=9395'>9395<\/a><\/li>\n\n\n\n<li><a href='?page_no=9396'>9396<\/a><\/li>\n\n\n\n<li class='active'><a>9397<\/a><\/li>\n\n\n\n<li><a href='?page_no=9398'>9398<\/a><\/li>\n\n\n\n<li><a href='?page_no=9399'>9399<\/a><\/li>\n\n\n\n<li><a>...<\/a><\/li>\n\n\n\n<li><a href='?page_no=36618'>36618<\/a><\/li>\n\n\n\n<li><a href='?page_no=36619'>36619<\/a><\/li>\n\n    \n\t\n\n<li >\n\t<a href='?page_no=9398'>Next<\/a>\n\t<\/li>\n\n\n    \n\n<li><a href='?page_no=36619'>Last &rsaquo;&rsaquo;<\/a><\/li>\n\n<\/ul>\n\n\n--><br \/>\n<\/body><\/p>\n","protected":false},"excerpt":{"rendered":"<p>MIAMI, 12 de marzo.- Previo al esperado choque entre la Rep\u00fablica Dominicana y los Estados Unidos el s\u00e1bado en el Grupo C del Cl\u00e1sico Mundial de B\u00e9isbol, el Sal\u00f3n de la Fama Pedro Mart\u00ednez, junto a Joe Torre, lanz\u00f3 la primera bola en el Marlins Park de Miami. Mart\u00ednez, uno de dos dominicanos con una [&hellip;]<\/p>\n","protected":false},"author":3,"featured_media":0,"comment_status":"open","ping_status":"open","sticky":false,"template":"","format":"standard","meta":{"footnotes":""},"categories":[17],"tags":[],"class_list":["post-210166","post","type-post","status-publish","format-standard","hentry","category-deportes"],"_links":{"self":[{"href":"https:\/\/diariodominicano.com\/index.php?rest_route=\/wp\/v2\/posts\/210166","targetHints":{"allow":["GET"]}}],"collection":[{"href":"https:\/\/diariodominicano.com\/index.php?rest_route=\/wp\/v2\/posts"}],"about":[{"href":"https:\/\/diariodominicano.com\/index.php?rest_route=\/wp\/v2\/types\/post"}],"author":[{"embeddable":true,"href":"https:\/\/diariodominicano.com\/index.php?rest_route=\/wp\/v2\/users\/3"}],"replies":[{"embeddable":true,"href":"https:\/\/diariodominicano.com\/index.php?rest_route=%2Fwp%2Fv2%2Fcomments&post=210166"}],"version-history":[{"count":0,"href":"https:\/\/diariodominicano.com\/index.php?rest_route=\/wp\/v2\/posts\/210166\/revisions"}],"wp:attachment":[{"href":"https:\/\/diariodominicano.com\/index.php?rest_route=%2Fwp%2Fv2%2Fmedia&parent=210166"}],"wp:term":[{"taxonomy":"category","embeddable":true,"href":"https:\/\/diariodominicano.com\/index.php?rest_route=%2Fwp%2Fv2%2Fcategories&post=210166"},{"taxonomy":"post_tag","embeddable":true,"href":"https:\/\/diariodominicano.com\/index.php?rest_route=%2Fwp%2Fv2%2Ftags&post=210166"}],"curies":[{"name":"wp","href":"https:\/\/api.w.org\/{rel}","templated":true}]}}