{"id":210157,"date":"2017-03-13T14:03:17","date_gmt":"2017-03-13T14:03:17","guid":{"rendered":"http:\/\/diariodominicano.ddns.net\/?p=210157"},"modified":"2017-03-13T14:03:17","modified_gmt":"2017-03-13T14:03:17","slug":"francia-y-cuba-topan-en-la-habana-en-fronton-a-36-metros","status":"publish","type":"post","link":"https:\/\/diariodominicano.com\/?p=210157","title":{"rendered":"&#13;&#13;Francia y Cuba topan en La Habana en front\u00f3n a 36 metros"},"content":{"rendered":"<p><body><\/p>\n<\/p>\n<p>La Habana, 13 mar (PL) Cuba y Francia, subcampeones del mundo en Pau (Francia) 2010 y M\u00e9xico 2014, realizar\u00e1n aqu\u00ed desde hoy y hasta el 17 de marzo un intercambio deportivo en front\u00f3n a 36 metros.<\/p>\n<\/p>\n<p>Representados por los clubes de Tarbes e Isla Reuni\u00f3n, ambos pa\u00edses, competir\u00e1n en las especialidades de pala corta y paleta de cuero, en las canchas del capitalino Complejo Deportivo Ra\u00fal D\u00edaz Arg\u00fcelles, seg\u00fan un mensaje electr\u00f3nico de la Federaci\u00f3n de pelota vasca y front\u00f3n de la isla.<\/p>\n<\/p>\n<p>Cuba estar\u00e1 representada en la lid con la dupla campeona del mundo de pala corta en M\u00e9xico 2014 y bronce en Pau, integrada por Frendy Fern\u00e1ndez y Anderson Jardines.<\/p>\n<\/p>\n<p>Participar\u00e1n adem\u00e1s los multimedallistas en campeonatos mundiales sub-22 Jhoan Luis Torreblanca y Armando Chappi, as\u00ed como los juveniles Yoel Zayas y Ronal Vega.<\/p>\n<\/p>\n<p>Esta confrontaci\u00f3n sirve de preparaci\u00f3n a los caribe\u00f1os para la Copa del Mundo de septiembre en Espa\u00f1a, clasificatoria para los Juegos Panamericanos de Lima 2019 y el Mundial de Barcelona 2018.<\/p>\n<h6> 2017-03-13 14:03:17 <\/h6>\n<p><!--\n<link rel=\"stylesheet\" href=\"css\/bootstrap.min.css\">\n\n\n<ul class=\"pagination\">\n\t    \n\t\n\n<li >\n\t<a href='?page_no=9388'>Previous<\/a>\n\t<\/li>\n\n\n       \n    \n\n<li><a href='?page_no=1'>1<\/a><\/li>\n\n\n\n<li><a href='?page_no=2'>2<\/a><\/li>\n\n\n\n<li><a>...<\/a><\/li>\n\n\n\n<li><a href='?page_no=9387'>9387<\/a><\/li>\n\n\n\n<li><a href='?page_no=9388'>9388<\/a><\/li>\n\n\n\n<li class='active'><a>9389<\/a><\/li>\n\n\n\n<li><a href='?page_no=9390'>9390<\/a><\/li>\n\n\n\n<li><a href='?page_no=9391'>9391<\/a><\/li>\n\n\n\n<li><a>...<\/a><\/li>\n\n\n\n<li><a href='?page_no=36618'>36618<\/a><\/li>\n\n\n\n<li><a href='?page_no=36619'>36619<\/a><\/li>\n\n    \n\t\n\n<li >\n\t<a href='?page_no=9390'>Next<\/a>\n\t<\/li>\n\n\n    \n\n<li><a href='?page_no=36619'>Last &rsaquo;&rsaquo;<\/a><\/li>\n\n<\/ul>\n\n\n--><br \/>\n<\/body><\/p>\n","protected":false},"excerpt":{"rendered":"<p>La Habana, 13 mar (PL) Cuba y Francia, subcampeones del mundo en Pau (Francia) 2010 y M\u00e9xico 2014, realizar\u00e1n aqu\u00ed desde hoy y hasta el 17 de marzo un intercambio deportivo en front\u00f3n a 36 metros. Representados por los clubes de Tarbes e Isla Reuni\u00f3n, ambos pa\u00edses, competir\u00e1n en las especialidades de pala corta y [&hellip;]<\/p>\n","protected":false},"author":3,"featured_media":0,"comment_status":"open","ping_status":"open","sticky":false,"template":"","format":"standard","meta":{"footnotes":""},"categories":[17],"tags":[],"class_list":["post-210157","post","type-post","status-publish","format-standard","hentry","category-deportes"],"_links":{"self":[{"href":"https:\/\/diariodominicano.com\/index.php?rest_route=\/wp\/v2\/posts\/210157","targetHints":{"allow":["GET"]}}],"collection":[{"href":"https:\/\/diariodominicano.com\/index.php?rest_route=\/wp\/v2\/posts"}],"about":[{"href":"https:\/\/diariodominicano.com\/index.php?rest_route=\/wp\/v2\/types\/post"}],"author":[{"embeddable":true,"href":"https:\/\/diariodominicano.com\/index.php?rest_route=\/wp\/v2\/users\/3"}],"replies":[{"embeddable":true,"href":"https:\/\/diariodominicano.com\/index.php?rest_route=%2Fwp%2Fv2%2Fcomments&post=210157"}],"version-history":[{"count":0,"href":"https:\/\/diariodominicano.com\/index.php?rest_route=\/wp\/v2\/posts\/210157\/revisions"}],"wp:attachment":[{"href":"https:\/\/diariodominicano.com\/index.php?rest_route=%2Fwp%2Fv2%2Fmedia&parent=210157"}],"wp:term":[{"taxonomy":"category","embeddable":true,"href":"https:\/\/diariodominicano.com\/index.php?rest_route=%2Fwp%2Fv2%2Fcategories&post=210157"},{"taxonomy":"post_tag","embeddable":true,"href":"https:\/\/diariodominicano.com\/index.php?rest_route=%2Fwp%2Fv2%2Ftags&post=210157"}],"curies":[{"name":"wp","href":"https:\/\/api.w.org\/{rel}","templated":true}]}}