{"id":210156,"date":"2017-03-13T14:05:36","date_gmt":"2017-03-13T14:05:36","guid":{"rendered":"http:\/\/diariodominicano.ddns.net\/?p=210156"},"modified":"2017-03-13T14:05:36","modified_gmt":"2017-03-13T14:05:36","slug":"ciclista-colombiano-gaviria-gana-sexta-etapa-de-tirreno-adriatico","status":"publish","type":"post","link":"https:\/\/diariodominicano.com\/?p=210156","title":{"rendered":"Ciclista colombiano Gaviria gana sexta etapa de Tirreno-Adri\u00e1tico&#13;"},"content":{"rendered":"<p><body><\/p>\n<p><img decoding=\"async\" src=\"img3\/fernando_gaviria.jpg\" \/>  <\/p>\n<\/p>\n<p><span class=\"text1noticias\">Macerata, Italia, 13 mar (PL) El ciclista colombiano Fernando Gaviria del equipo Quick Step se adue\u00f1\u00f3 hoy de la sexta y pen\u00faltima etapa del giro Tirreno-Adri\u00e1tico, cuyo trayecto de 168 kil\u00f3metros se corri\u00f3 entre las localidades de Ascoli Piceno y Civitanova Marche.<\/span><\/p>\n<\/p>\n<p><span class=\"text1noticias\">Gaviria conquist\u00f3 el segmento tras vencer en el sprint final al eslovaco Peter Sagan (Bora) con tiempo de 4:09.31 horas, en tanto que el tercer puesto correspondi\u00f3 al belga Jasper Stuyven (Trek), tambi\u00e9n con el mismo crono.<\/span><\/p>\n<\/p>\n<p><span class=\"text1noticias\">Una vez en la meta, el corredor suramericano asegur\u00f3 a la prensa que &#8216;siempre es un desafi\u00f3 competir con Sagan, que ha demostrado estar muy fuerte. Hab\u00eda que responder y todo ha salido bien. Es una victoria muy importante para el equipo&#8217;.<\/span><\/p>\n<\/p>\n<p><span class=\"text1noticias\">El tambi\u00e9n colombiano Nairo Quintana (Movistar) consolid\u00f3 su condici\u00f3n de l\u00edder en la clasificaci\u00f3n general individual, con acumulado de 25:44.28 h, ahora a 50 segundos de ventaja sobre el franc\u00e9s Thibaut Pinot (Francaise).<\/span><\/p>\n<\/p>\n<p><span class=\"text1noticias\">Ma\u00f1ana se efectuar\u00e1 la s\u00e9ptima y \u00faltima etapa del giro, con una cotrarreloj individual de 10,1 km en la localidad de San Benedetto del Tronto.<\/span><\/p>\n<\/p>\n<p><span class=\"text1noticias\">&#8212; <\/span><\/p>\n<\/p>\n<p><span class=\"text1noticias\">Clasificaci\u00f3n de la etapa: <\/span><\/p>\n<\/p>\n<p><span class=\"text1noticias\">-1.Fernando Gaviria (COL\/Quick-Step) 4:09.31 horas.<\/span><\/p>\n<\/p>\n<p><span class=\"text1noticias\">-2.Peter Sagan (SVK\/Bora) mismo tiempo.<\/span><\/p>\n<\/p>\n<p><span class=\"text1noticias\">-3.Jasper Stuyven (BEL\/Trek) m.t.<\/span><\/p>\n<\/p>\n<p><span class=\"text1noticias\">-4.Matteo Trentin (ITA\/Quick) m.t.<\/span><\/p>\n<\/p>\n<p><span class=\"text1noticias\">-5.Jens Debusschere (BEL\/Lotto Soudal) m.t.<\/span><\/p>\n<\/p>\n<p><span class=\"text1noticias\">-6 lia Viviani (ITA\/Sky) m.t.<\/span><\/p>\n<\/p>\n<p><span class=\"text1noticias\">-7.Scott Thwaites (GBR\/Dimension Data) m.t.<\/span><\/p>\n<\/p>\n<p><span class=\"text1noticias\">-8.Eduard Grosu (RUM\/Nippo) m.t.<\/span><\/p>\n<\/p>\n<p><span class=\"text1noticias\">-9.Anthony Roux (FRA\/Francaise) m.t.<\/span><\/p>\n<\/p>\n<p><span class=\"text1noticias\">-10.Jurgen Roelandts (BEL\/Lotto Soudal) m.t.<\/span><\/p>\n<\/p>\n<p><span class=\"text1noticias\">&#8212; <\/span><\/p>\n<\/p>\n<p><span class=\"text1noticias\">Clasificaci\u00f3n general: <\/span><\/p>\n<\/p>\n<p><span class=\"text1noticias\">-1.Nairo Quintana (COL\/Movistar) 25:44.28 h.<\/span><\/p>\n<\/p>\n<p><span class=\"text1noticias\">-2.Thibaut Pinot (FRA\/Francaise) a 50 segundos.<\/span><\/p>\n<\/p>\n<p><span class=\"text1noticias\">-3.Rohan Dennis (AUS\/BMC) a 1:06 minuto.<\/span><\/p>\n<\/p>\n<p><span class=\"text1noticias\">-4.Primoz Roglic (SLO\/LottoNl-Jumbo) a 1:15.<\/span><\/p>\n<\/p>\n<p><span class=\"text1noticias\">-5.Tom Dumoulin (HOL\/Sunweb) a 1:19.<\/span><\/p>\n<\/p>\n<p><span class=\"text1noticias\">-6.Geraint Thomas (GBR\/Sky) a 1:23.<\/span><\/p>\n<\/p>\n<p><span class=\"text1noticias\">-7.Rigoberto Uran (COL\/Cannondale) a 1:30.<\/span><\/p>\n<\/p>\n<p><span class=\"text1noticias\">-8.Jonathan Castroviejo (ESP\/Movistar) a 1:32.<\/span><\/p>\n<\/p>\n<p><span class=\"text1noticias\">-9.Bauke Mollema (HOL\/Trek) a 1:37.<\/span><\/p>\n<\/p>\n<p><span class=\"text1noticias\">-10.Simon Spilak (SLO\/Katusha) a 1:59.<\/span><\/p>\n<\/p>\n<h6> 2017-03-13 14:05:36 <\/h6>\n<p><!--\n<link rel=\"stylesheet\" href=\"css\/bootstrap.min.css\">\n\n\n<ul class=\"pagination\">\n\t    \n\t\n\n<li >\n\t<a href='?page_no=9387'>Previous<\/a>\n\t<\/li>\n\n\n       \n    \n\n<li><a href='?page_no=1'>1<\/a><\/li>\n\n\n\n<li><a href='?page_no=2'>2<\/a><\/li>\n\n\n\n<li><a>...<\/a><\/li>\n\n\n\n<li><a href='?page_no=9386'>9386<\/a><\/li>\n\n\n\n<li><a href='?page_no=9387'>9387<\/a><\/li>\n\n\n\n<li class='active'><a>9388<\/a><\/li>\n\n\n\n<li><a href='?page_no=9389'>9389<\/a><\/li>\n\n\n\n<li><a href='?page_no=9390'>9390<\/a><\/li>\n\n\n\n<li><a>...<\/a><\/li>\n\n\n\n<li><a href='?page_no=36618'>36618<\/a><\/li>\n\n\n\n<li><a href='?page_no=36619'>36619<\/a><\/li>\n\n    \n\t\n\n<li >\n\t<a href='?page_no=9389'>Next<\/a>\n\t<\/li>\n\n\n    \n\n<li><a href='?page_no=36619'>Last &rsaquo;&rsaquo;<\/a><\/li>\n\n<\/ul>\n\n\n--><br \/>\n<\/body><\/p>\n","protected":false},"excerpt":{"rendered":"<p>Macerata, Italia, 13 mar (PL) El ciclista colombiano Fernando Gaviria del equipo Quick Step se adue\u00f1\u00f3 hoy de la sexta y pen\u00faltima etapa del giro Tirreno-Adri\u00e1tico, cuyo trayecto de 168 kil\u00f3metros se corri\u00f3 entre las localidades de Ascoli Piceno y Civitanova Marche. Gaviria conquist\u00f3 el segmento tras vencer en el sprint final al eslovaco Peter [&hellip;]<\/p>\n","protected":false},"author":3,"featured_media":0,"comment_status":"open","ping_status":"open","sticky":false,"template":"","format":"standard","meta":{"footnotes":""},"categories":[17],"tags":[],"class_list":["post-210156","post","type-post","status-publish","format-standard","hentry","category-deportes"],"_links":{"self":[{"href":"https:\/\/diariodominicano.com\/index.php?rest_route=\/wp\/v2\/posts\/210156","targetHints":{"allow":["GET"]}}],"collection":[{"href":"https:\/\/diariodominicano.com\/index.php?rest_route=\/wp\/v2\/posts"}],"about":[{"href":"https:\/\/diariodominicano.com\/index.php?rest_route=\/wp\/v2\/types\/post"}],"author":[{"embeddable":true,"href":"https:\/\/diariodominicano.com\/index.php?rest_route=\/wp\/v2\/users\/3"}],"replies":[{"embeddable":true,"href":"https:\/\/diariodominicano.com\/index.php?rest_route=%2Fwp%2Fv2%2Fcomments&post=210156"}],"version-history":[{"count":0,"href":"https:\/\/diariodominicano.com\/index.php?rest_route=\/wp\/v2\/posts\/210156\/revisions"}],"wp:attachment":[{"href":"https:\/\/diariodominicano.com\/index.php?rest_route=%2Fwp%2Fv2%2Fmedia&parent=210156"}],"wp:term":[{"taxonomy":"category","embeddable":true,"href":"https:\/\/diariodominicano.com\/index.php?rest_route=%2Fwp%2Fv2%2Fcategories&post=210156"},{"taxonomy":"post_tag","embeddable":true,"href":"https:\/\/diariodominicano.com\/index.php?rest_route=%2Fwp%2Fv2%2Ftags&post=210156"}],"curies":[{"name":"wp","href":"https:\/\/api.w.org\/{rel}","templated":true}]}}