{"id":210152,"date":"2017-03-14T08:13:15","date_gmt":"2017-03-14T08:13:15","guid":{"rendered":"http:\/\/diariodominicano.ddns.net\/?p=210152"},"modified":"2017-03-14T08:13:15","modified_gmt":"2017-03-14T08:13:15","slug":"martinez-por-dominicana-abrira-hoy-frente-a-puerto-rico-en-inicio-de-segunda-ronda-del-clasico-de-beisbol","status":"publish","type":"post","link":"https:\/\/diariodominicano.com\/?p=210152","title":{"rendered":"Mart\u00ednez, por Dominicana, abrir\u00e1 hoy frente a Puerto Rico en inicio de segunda ronda del Cl\u00e1sico de B\u00e9isbol"},"content":{"rendered":"<p><body><\/p>\n<p><img decoding=\"async\" src=\"img3\/carlos.jpg\" \/>  <\/p>\n<p>FORT MYERS, Florida, 14 de marzo.- El derecho Carlos Mart\u00ednez, quien abri\u00f3 por la Rep\u00fablica Dominicana en el primer encuentro de este Cl\u00e1sico Mundial de B\u00e9isbol ante Canad\u00e1 la semana pasada, ser\u00e1 el abridor por la selecci\u00f3n quisqueyana en el partido de la segunda ronda contra Puerto Rico, seg\u00fan Jorge Ortiz del diario USA TODAY.<\/p>\n<\/p>\n<p>Hab\u00eda surgido un informe que el diestro de los Mellizos, Ervin Santana ser\u00eda el abridor para dicho encuentro, pero Ortiz indic\u00f3 que el gerente general dominicano Mois\u00e9s Alou le inform\u00f3 sobre la nueva decisi\u00f3n por medio de un mensaje de texto.<\/p>\n<\/p>\n<p>Santana rechaz\u00f3 una invitaci\u00f3n para lanzar en la primera ronda del Cl\u00e1sico, pero viaj\u00f3 a San Diego el lunes para integrarse al conjunto de la Rep\u00fablica Dominicana. Santana sustituir\u00e1 a Wily Peralta en el roster.<\/p>\n<\/p>\n<p>\u00abCreo que estaba bastante entusiasmado\u00bb, dijo el capataz de Minnesota, Paul Molitor. \u00abMe imagino que aquellos jugadores platican bastante. Aparte de los directivos, pienso que los jugadores se comunicaron con \u00e9l y lo animaron para que sea parte del equipo\u00bb.<\/p>\n<\/p>\n<p>Santana ser\u00e1 el tercer abridor de los Mellizos en integrarse a una selecci\u00f3n del Cl\u00e1sico Mundial, junto a los puertorrique\u00f1os H\u00e9ctor Santiago y Jos\u00e9 Berr\u00edos.<\/p>\n<h6> 2017-03-14 08:13:15 <\/h6>\n<p><!--\n<link rel=\"stylesheet\" href=\"css\/bootstrap.min.css\">\n\n\n<ul class=\"pagination\">\n\t    \n\t\n\n<li >\n\t<a href='?page_no=9383'>Previous<\/a>\n\t<\/li>\n\n\n       \n    \n\n<li><a href='?page_no=1'>1<\/a><\/li>\n\n\n\n<li><a href='?page_no=2'>2<\/a><\/li>\n\n\n\n<li><a>...<\/a><\/li>\n\n\n\n<li><a href='?page_no=9382'>9382<\/a><\/li>\n\n\n\n<li><a href='?page_no=9383'>9383<\/a><\/li>\n\n\n\n<li class='active'><a>9384<\/a><\/li>\n\n\n\n<li><a href='?page_no=9385'>9385<\/a><\/li>\n\n\n\n<li><a href='?page_no=9386'>9386<\/a><\/li>\n\n\n\n<li><a>...<\/a><\/li>\n\n\n\n<li><a href='?page_no=36618'>36618<\/a><\/li>\n\n\n\n<li><a href='?page_no=36619'>36619<\/a><\/li>\n\n    \n\t\n\n<li >\n\t<a href='?page_no=9385'>Next<\/a>\n\t<\/li>\n\n\n    \n\n<li><a href='?page_no=36619'>Last &rsaquo;&rsaquo;<\/a><\/li>\n\n<\/ul>\n\n\n--><br \/>\n<\/body><\/p>\n","protected":false},"excerpt":{"rendered":"<p>FORT MYERS, Florida, 14 de marzo.- El derecho Carlos Mart\u00ednez, quien abri\u00f3 por la Rep\u00fablica Dominicana en el primer encuentro de este Cl\u00e1sico Mundial de B\u00e9isbol ante Canad\u00e1 la semana pasada, ser\u00e1 el abridor por la selecci\u00f3n quisqueyana en el partido de la segunda ronda contra Puerto Rico, seg\u00fan Jorge Ortiz del diario USA TODAY. [&hellip;]<\/p>\n","protected":false},"author":3,"featured_media":0,"comment_status":"open","ping_status":"open","sticky":false,"template":"","format":"standard","meta":{"footnotes":""},"categories":[17],"tags":[],"class_list":["post-210152","post","type-post","status-publish","format-standard","hentry","category-deportes"],"_links":{"self":[{"href":"https:\/\/diariodominicano.com\/index.php?rest_route=\/wp\/v2\/posts\/210152","targetHints":{"allow":["GET"]}}],"collection":[{"href":"https:\/\/diariodominicano.com\/index.php?rest_route=\/wp\/v2\/posts"}],"about":[{"href":"https:\/\/diariodominicano.com\/index.php?rest_route=\/wp\/v2\/types\/post"}],"author":[{"embeddable":true,"href":"https:\/\/diariodominicano.com\/index.php?rest_route=\/wp\/v2\/users\/3"}],"replies":[{"embeddable":true,"href":"https:\/\/diariodominicano.com\/index.php?rest_route=%2Fwp%2Fv2%2Fcomments&post=210152"}],"version-history":[{"count":0,"href":"https:\/\/diariodominicano.com\/index.php?rest_route=\/wp\/v2\/posts\/210152\/revisions"}],"wp:attachment":[{"href":"https:\/\/diariodominicano.com\/index.php?rest_route=%2Fwp%2Fv2%2Fmedia&parent=210152"}],"wp:term":[{"taxonomy":"category","embeddable":true,"href":"https:\/\/diariodominicano.com\/index.php?rest_route=%2Fwp%2Fv2%2Fcategories&post=210152"},{"taxonomy":"post_tag","embeddable":true,"href":"https:\/\/diariodominicano.com\/index.php?rest_route=%2Fwp%2Fv2%2Ftags&post=210152"}],"curies":[{"name":"wp","href":"https:\/\/api.w.org\/{rel}","templated":true}]}}