{"id":210146,"date":"2017-03-14T13:55:28","date_gmt":"2017-03-14T13:55:28","guid":{"rendered":"http:\/\/diariodominicano.ddns.net\/?p=210146"},"modified":"2017-03-14T13:55:28","modified_gmt":"2017-03-14T13:55:28","slug":"nairo-quintana-conquista-carrera-tirreno-adriatico","status":"publish","type":"post","link":"https:\/\/diariodominicano.com\/?p=210146","title":{"rendered":"Nairo Quintana conquista carrera Tirreno-Adri\u00e1tico"},"content":{"rendered":"<p><body><\/p>\n<p><img decoding=\"async\" src=\"img3\/NairoQuintana-TerrenoAdriat.jpg\" \/>  <\/p>\n<\/p>\n<p><span class=\"text1noticias\">Roma, 14 mar (PL) El colombiano Nairo Quintana (Movistar) conquist\u00f3 hoy por segunda vez la carrera italiana Tirreno-Adri\u00e1tico, que finaliz\u00f3 con una contrarreloj de 10 kil\u00f3metros en la localidad de San Benedetto de Tronto.<\/span><\/p>\n<\/p>\n<p><span class=\"text1noticias\">En la s\u00e9ptima y \u00faltima etapa de la edici\u00f3n 52 de la tambi\u00e9n llamada Carrera de los dos mares se impuso el australiano Rohan Dennis (BMC), con un tiempo de 11:18 minutos por delante del holand\u00e9s Jos Van Emden (LottoNl-Jumbo) y del tambi\u00e9n australiano Michael Hepburn (Orica-Scott), ambos a tres segundos.<\/span><\/p>\n<\/p>\n<p><span class=\"text1noticias\">Quintana registr\u00f3 un tiempo de 11:59 minutos y logr\u00f3 mantener la camiseta azul de l\u00edder por 25 segundos. El pedalista suramericano fue escoltado en el podio final por Rohan Dennis y el franc\u00e9s Thibaut Pinot (La Francaise).<\/span><\/p>\n<\/p>\n<p><span class=\"text1noticias\">En tres participaciones en la Tirreno-Adri\u00e1tico, el escarabajo colombiano acumula un segundo lugar y dos trofeos de tridente para el campe\u00f3n (2015 y 2017).<\/span><\/p>\n<\/p>\n<p><span class=\"text1noticias\">Esta temporada, Quintana tambi\u00e9n gan\u00f3 la Vuelta de la Comunidad Valenciana. Otro ciclista colombiano, Fernando Gaviria, gan\u00f3 la sexta etapa del lunes, en tanto Egan Bernal (Androni-Siderme) termin\u00f3 subcampe\u00f3n por la camiseta de mejor joven.<\/span><\/p>\n<\/p>\n<p><span class=\"text1noticias\">Clasificaci\u00f3n de la etapa: 1. Rohan Dennis (AUS) BMC 11:18 minutos <\/span><\/p>\n<\/p>\n<p><span class=\"text1noticias\">2. Jos Van Emden (HOL) Lotto-Jumbo a 3 <\/span><\/p>\n<\/p>\n<p><span class=\"text1noticias\">3. Michael Hepburn (AUS) Orica-Scott m.t <\/span><\/p>\n<\/p>\n<p><span class=\"text1noticias\">4. Stephen Cummings (GBR) Dimension Data a 8 <\/span><\/p>\n<\/p>\n<p><span class=\"text1noticias\">5. Primoz Roglic (SLO) Team LottoNl-Jumbo a 11 <\/span><\/p>\n<\/p>\n<p><span class=\"text1noticias\">6. Maciej Bodnar (POL) Bora a 15 <\/span><\/p>\n<\/p>\n<p><span class=\"text1noticias\">7. Edvald Boasson Hagen (NOR) Dimension Data m.t <\/span><\/p>\n<\/p>\n<p><span class=\"text1noticias\">8. Geraint Thomas (GBR) Sky a 16 <\/span><\/p>\n<\/p>\n<p><span class=\"text1noticias\">9. Ryan Mullen (IRL) Cannondale a 17 <\/span><\/p>\n<\/p>\n<p><span class=\"text1noticias\">10. Alex Dowsett (GBR) Movistar m.t <\/span><\/p>\n<\/p>\n<p><span class=\"text1noticias\">Clasificaci\u00f3n general final: <\/span><\/p>\n<\/p>\n<p><span class=\"text1noticias\">1. Nairo Quintana (COL) Movistar 25h:56:27 <\/span><\/p>\n<\/p>\n<p><span class=\"text1noticias\">2. Rohan Dennis (AUS) BMC a 25 <\/span><\/p>\n<\/p>\n<p><span class=\"text1noticias\">3. Thibaut Pinot (FRA) Francaise a 36 <\/span><\/p>\n<\/p>\n<p><span class=\"text1noticias\">4. Primoz Roglic (SLO) LottoNl-Jumbo a 45 <\/span><\/p>\n<\/p>\n<p><span class=\"text1noticias\">5. Geraint Thomas (GBR) Sky a 58 <\/span><\/p>\n<\/p>\n<p><span class=\"text1noticias\">6. Tom Dumoulin (HOL) Sunweb a 1:01 <\/span><\/p>\n<\/p>\n<p><span class=\"text1noticias\">7. Jonathan Castroviejo (ESP) Movistar a 1:18 <\/span><\/p>\n<\/p>\n<p><span class=\"text1noticias\">8. Rigoberto Uran (COL) Cannondale a 1:36 <\/span><\/p>\n<\/p>\n<p><span class=\"text1noticias\">9. Bauke Mollema (HOL) Trek a 1:38 <\/span><\/p>\n<\/p>\n<p><span class=\"text1noticias\">10. Simon Spilak (SLO) Katusha a 1:59.<\/span><\/p>\n<h6> 2017-03-14 13:55:28 <\/h6>\n<p><!--\n<link rel=\"stylesheet\" href=\"css\/bootstrap.min.css\">\n\n\n<ul class=\"pagination\">\n\t    \n\t\n\n<li >\n\t<a href='?page_no=9378'>Previous<\/a>\n\t<\/li>\n\n\n       \n    \n\n<li><a href='?page_no=1'>1<\/a><\/li>\n\n\n\n<li><a href='?page_no=2'>2<\/a><\/li>\n\n\n\n<li><a>...<\/a><\/li>\n\n\n\n<li><a href='?page_no=9377'>9377<\/a><\/li>\n\n\n\n<li><a href='?page_no=9378'>9378<\/a><\/li>\n\n\n\n<li class='active'><a>9379<\/a><\/li>\n\n\n\n<li><a href='?page_no=9380'>9380<\/a><\/li>\n\n\n\n<li><a href='?page_no=9381'>9381<\/a><\/li>\n\n\n\n<li><a>...<\/a><\/li>\n\n\n\n<li><a href='?page_no=36618'>36618<\/a><\/li>\n\n\n\n<li><a href='?page_no=36619'>36619<\/a><\/li>\n\n    \n\t\n\n<li >\n\t<a href='?page_no=9380'>Next<\/a>\n\t<\/li>\n\n\n    \n\n<li><a href='?page_no=36619'>Last &rsaquo;&rsaquo;<\/a><\/li>\n\n<\/ul>\n\n\n--><br \/>\n<\/body><\/p>\n","protected":false},"excerpt":{"rendered":"<p>Roma, 14 mar (PL) El colombiano Nairo Quintana (Movistar) conquist\u00f3 hoy por segunda vez la carrera italiana Tirreno-Adri\u00e1tico, que finaliz\u00f3 con una contrarreloj de 10 kil\u00f3metros en la localidad de San Benedetto de Tronto. En la s\u00e9ptima y \u00faltima etapa de la edici\u00f3n 52 de la tambi\u00e9n llamada Carrera de los dos mares se impuso [&hellip;]<\/p>\n","protected":false},"author":3,"featured_media":0,"comment_status":"open","ping_status":"open","sticky":false,"template":"","format":"standard","meta":{"footnotes":""},"categories":[17],"tags":[],"class_list":["post-210146","post","type-post","status-publish","format-standard","hentry","category-deportes"],"_links":{"self":[{"href":"https:\/\/diariodominicano.com\/index.php?rest_route=\/wp\/v2\/posts\/210146","targetHints":{"allow":["GET"]}}],"collection":[{"href":"https:\/\/diariodominicano.com\/index.php?rest_route=\/wp\/v2\/posts"}],"about":[{"href":"https:\/\/diariodominicano.com\/index.php?rest_route=\/wp\/v2\/types\/post"}],"author":[{"embeddable":true,"href":"https:\/\/diariodominicano.com\/index.php?rest_route=\/wp\/v2\/users\/3"}],"replies":[{"embeddable":true,"href":"https:\/\/diariodominicano.com\/index.php?rest_route=%2Fwp%2Fv2%2Fcomments&post=210146"}],"version-history":[{"count":0,"href":"https:\/\/diariodominicano.com\/index.php?rest_route=\/wp\/v2\/posts\/210146\/revisions"}],"wp:attachment":[{"href":"https:\/\/diariodominicano.com\/index.php?rest_route=%2Fwp%2Fv2%2Fmedia&parent=210146"}],"wp:term":[{"taxonomy":"category","embeddable":true,"href":"https:\/\/diariodominicano.com\/index.php?rest_route=%2Fwp%2Fv2%2Fcategories&post=210146"},{"taxonomy":"post_tag","embeddable":true,"href":"https:\/\/diariodominicano.com\/index.php?rest_route=%2Fwp%2Fv2%2Ftags&post=210146"}],"curies":[{"name":"wp","href":"https:\/\/api.w.org\/{rel}","templated":true}]}}