{"id":210145,"date":"2017-03-14T13:57:52","date_gmt":"2017-03-14T13:57:52","guid":{"rendered":"http:\/\/diariodominicano.ddns.net\/?p=210145"},"modified":"2017-03-14T13:57:52","modified_gmt":"2017-03-14T13:57:52","slug":"nadal-fuera-en-dobles-del-abierto-de-indian-wells","status":"publish","type":"post","link":"https:\/\/diariodominicano.com\/?p=210145","title":{"rendered":"Nadal fuera en dobles del Abierto de Indian Wells"},"content":{"rendered":"<p><body><\/p>\n<p><img decoding=\"async\" src=\"img3\/rafael-nadal.jpg\" \/>  <\/p>\n<\/p>\n<\/p>\n<\/p>\n<p>Los Angeles, Estados Unidos, 14 mar (PL) El tenista espa\u00f1ol Rafael Nadal junto al australiano Bernard Tomic dijeron adi\u00f3s en el evento de dobles del Abierto de Indian Wells, tras caer ante la dupla del sudafricano Raven Klaasen y el estadounidense Rajeev Ram.<\/p>\n<\/p>\n<p>Los parciales del encuentro concluyeron con tanteadores de 3-6, 7-6(4) y 11-9, en una hora y 33 minutos. Ahora, Klaasen y Ram se medir\u00e1n en cuartos de final a los serbios Novak Djokovic y Viktor Troicki, que despacharon a los vigentes campeones franceses Pierre Hugues Herbert y Nicolas Mahut.<\/p>\n<\/p>\n<p>En individuales, el tenista espa\u00f1ol Pablo Carre\u00f1o pas\u00f3 a octavos de final en el Abierto de Indian Wells por la lesi\u00f3n de su compatriota Roberto Bautista, que abandon\u00f3 la competici\u00f3n por una lesi\u00f3n abdominal.<\/p>\n<\/p>\n<p>Carre\u00f1o, n\u00famero 23 del mundo, se las ver\u00e1 en la siguiente fase con el serbio Dusan Lajovic, superior al canadiense Vasek Pospisil por 6-7(4), 6-3 y 7-5.<\/p>\n<\/p>\n<p>Pospisil, verdugo en el evento del n\u00famero uno del mundo Andy Murray, se despidi\u00f3 del torneo ante Lajovic en dos horas y 28 minutos.<\/p>\n<\/p>\n<p>Asimismo, el belga David Goffin elimin\u00f3 al espa\u00f1ol Albert Ramos en la tercera ronda por 7-6(3) y 6-4 en una hora y 39 minutos.<\/p>\n<\/p>\n<p>Goffin, n\u00famero 12 del mundo y actual semifinalista del torneo, impuso su potencia en el saque (hasta nueve puntos de saque directo), aunque el servicio tambi\u00e9n le jug\u00f3 alguna mala pasada, como cuando tuvo punto de partido con 5-3 y perdi\u00f3 el juego tras cometer una doble falta.<\/p>\n<\/p>\n<p>Sin embargo, se repuso de inmediato rompi\u00e9ndole el saque a su rival y se medir\u00e1 en octavos de final al uruguayo Pablo Cuevas, vencedor del italiano Fabio Fognini.<\/p>\n<\/p>\n<p>Destac\u00f3 la victoria del austr\u00edaco Dominic Thiem sobre Mischa Zverev por 6-1 y 6-3 en otra soleada jornada en la pista central del torneo del Valle de Coachella.<\/p>\n<\/p>\n<p>Thiem se medir\u00e1 en octavos de final al franc\u00e9s Gael Monfils, en tanto que el japon\u00e9s Yoshihito Nishioka dobleg\u00f3 al checo Tomas Berdych por 1-6, 7-6(5) y 6-4 en dos horas y 21 minutos y se medir\u00e1 al suizo Stan Wawrinka.<\/p>\n<\/p>\n<p>En el cuadro femenino, la estadounidense Venus Williams refrend\u00f3 su buen rendimiento con una victoria ante Lucie Safarova por 6-4 y 6-2 en 70 minutos, que celebr\u00f3 con un baile en mitad de la pista.<\/p>\n<\/p>\n<p>Williams se ver\u00e1 las caras con la china Shuai Peng por un puesto en los cuartos de final. La asi\u00e1tica sorprendi\u00f3 a la polaca Agnieszka Radwanska, n\u00famero seis del mundo, y se anot\u00f3 su primera victoria frente a una tenista del Top 10 desde 2014.<\/p>\n<\/p>\n<p>Tambi\u00e9n, Kristina Mladenovic, n\u00famero 28 del mundo, venci\u00f3 a Simona Halep, ganadora del torneo en 2015 y cuarta cabeza de serie, y Angelique Kerber sufri\u00f3 para derrotar a la veterana Pauline Parmentier (7-5, 3-6, 7-5).<\/p>\n<h6> 2017-03-14 13:57:52 <\/h6>\n<p><!--\n<link rel=\"stylesheet\" href=\"css\/bootstrap.min.css\">\n\n\n<ul class=\"pagination\">\n\t    \n\t\n\n<li >\n\t<a href='?page_no=9377'>Previous<\/a>\n\t<\/li>\n\n\n       \n    \n\n<li><a href='?page_no=1'>1<\/a><\/li>\n\n\n\n<li><a href='?page_no=2'>2<\/a><\/li>\n\n\n\n<li><a>...<\/a><\/li>\n\n\n\n<li><a href='?page_no=9376'>9376<\/a><\/li>\n\n\n\n<li><a href='?page_no=9377'>9377<\/a><\/li>\n\n\n\n<li class='active'><a>9378<\/a><\/li>\n\n\n\n<li><a href='?page_no=9379'>9379<\/a><\/li>\n\n\n\n<li><a href='?page_no=9380'>9380<\/a><\/li>\n\n\n\n<li><a>...<\/a><\/li>\n\n\n\n<li><a href='?page_no=36618'>36618<\/a><\/li>\n\n\n\n<li><a href='?page_no=36619'>36619<\/a><\/li>\n\n    \n\t\n\n<li >\n\t<a href='?page_no=9379'>Next<\/a>\n\t<\/li>\n\n\n    \n\n<li><a href='?page_no=36619'>Last &rsaquo;&rsaquo;<\/a><\/li>\n\n<\/ul>\n\n\n--><br \/>\n<\/body><\/p>\n","protected":false},"excerpt":{"rendered":"<p>Los Angeles, Estados Unidos, 14 mar (PL) El tenista espa\u00f1ol Rafael Nadal junto al australiano Bernard Tomic dijeron adi\u00f3s en el evento de dobles del Abierto de Indian Wells, tras caer ante la dupla del sudafricano Raven Klaasen y el estadounidense Rajeev Ram. Los parciales del encuentro concluyeron con tanteadores de 3-6, 7-6(4) y 11-9, [&hellip;]<\/p>\n","protected":false},"author":3,"featured_media":0,"comment_status":"open","ping_status":"open","sticky":false,"template":"","format":"standard","meta":{"footnotes":""},"categories":[17],"tags":[],"class_list":["post-210145","post","type-post","status-publish","format-standard","hentry","category-deportes"],"_links":{"self":[{"href":"https:\/\/diariodominicano.com\/index.php?rest_route=\/wp\/v2\/posts\/210145","targetHints":{"allow":["GET"]}}],"collection":[{"href":"https:\/\/diariodominicano.com\/index.php?rest_route=\/wp\/v2\/posts"}],"about":[{"href":"https:\/\/diariodominicano.com\/index.php?rest_route=\/wp\/v2\/types\/post"}],"author":[{"embeddable":true,"href":"https:\/\/diariodominicano.com\/index.php?rest_route=\/wp\/v2\/users\/3"}],"replies":[{"embeddable":true,"href":"https:\/\/diariodominicano.com\/index.php?rest_route=%2Fwp%2Fv2%2Fcomments&post=210145"}],"version-history":[{"count":0,"href":"https:\/\/diariodominicano.com\/index.php?rest_route=\/wp\/v2\/posts\/210145\/revisions"}],"wp:attachment":[{"href":"https:\/\/diariodominicano.com\/index.php?rest_route=%2Fwp%2Fv2%2Fmedia&parent=210145"}],"wp:term":[{"taxonomy":"category","embeddable":true,"href":"https:\/\/diariodominicano.com\/index.php?rest_route=%2Fwp%2Fv2%2Fcategories&post=210145"},{"taxonomy":"post_tag","embeddable":true,"href":"https:\/\/diariodominicano.com\/index.php?rest_route=%2Fwp%2Fv2%2Ftags&post=210145"}],"curies":[{"name":"wp","href":"https:\/\/api.w.org\/{rel}","templated":true}]}}