{"id":210142,"date":"2017-03-14T14:13:37","date_gmt":"2017-03-14T14:13:37","guid":{"rendered":"http:\/\/diariodominicano.ddns.net\/?p=210142"},"modified":"2017-03-14T14:13:37","modified_gmt":"2017-03-14T14:13:37","slug":"pedro-avarez-firma-contrato-de-liga-menor-con-orioles","status":"publish","type":"post","link":"https:\/\/diariodominicano.com\/?p=210142","title":{"rendered":"Pedro Avarez firma contrato de liga menor con Orioles"},"content":{"rendered":"<p><body><\/p>\n<p><img decoding=\"async\" src=\"img3\/alvarez_1280_891atamb_f1oi0ng2.jpg\" \/>  <\/p>\n<\/p>\n<p><span class=\"text1noticias\">SARASOTA, Florida, 14 de marzo, &#8211; Pedro \u00c1lvarez probar\u00e1 fortuna como jardinero en su regreso a Baltimore.<\/span><\/p>\n<\/p>\n<p><span class=\"text1noticias\">Infielder con Pittsburgh y bateador designado con los Orioles la temporada pasada, \u00c1lvarez firm\u00f3 el lunes un contrato de ligas menores y cobrar\u00e1 2 millones de d\u00f3lares por un a\u00f1o si queda en el roster de 40 jugadores.<\/span><\/p>\n<p><span class=\"text1noticias\">\u00abEspero aprovechar la oportunidad de aprender a jugar en la posici\u00f3n lo mejor posible\u00bb, dijo el dominicano. \u00abObviamente, cuando cambias de posici\u00f3n debes trabajar mucho. Espero tener la oportunidad de salir y jugar\u00bb en los jardines.<\/span><\/p>\n<p><span class=\"text1noticias\">\u00c1lvarez, quien nunca jug\u00f3 en el outfield a nivel universitario, se incorpor\u00f3 a los Orioles en la mitad de la pretemporada del a\u00f1o pasado.<\/span><\/p>\n<p><span class=\"text1noticias\">\u00abMe sorprender\u00eda que no pudiera hacerlo. Hace falta ser atl\u00e9tico y las habilidades que \u00e9l tiene\u00bb, expres\u00f3 el piloto de los Orioles Buck Showalter. \u00abVa a trabajar en ese sector exclusivamente. Esperamos tener una idea de si puede hacerlo hacia el final (de la pretemporada). Hay bastante tiempo por delante\u00bb.<\/span><\/p>\n<p><span class=\"text1noticias\">Showalter dijo que probar\u00e1 a \u00c1lvarez en el jard\u00edn derecho y el izquierdo.<\/span><\/p>\n<p><span class=\"text1noticias\">\u00abMe gusta dejarme guiar por el brazo y ver qu\u00e9 se le puede sacar. Se enfocar\u00e1 m\u00e1s en el derecho y puede jugar de vez en cuando en el izquierdo\u00bb, indic\u00f3.<\/span><\/p>\n<p><span class=\"text1noticias\">\u00c1lvarez recibi\u00f3 bien la propuesta de Showalter de probar en los jardines.<\/span><\/p>\n<p><span class=\"text1noticias\">\u00abCreo que el hecho de que me lo hayan propuesto indica que quieren que me quede. Estoy agradecido por esa conversaci\u00f3n del a\u00f1o pasado. Me lo dijo de coraz\u00f3n, pensando en mi carrera\u00bb, declar\u00f3 \u00c1lvarez. \u00abNunca se puede ser demasiado vers\u00e1til. As\u00ed veo yo esa charla, como un deseo de que me quede y al mismo tiempo de velar por mis intereses\u00bb.<\/span><\/p>\n<p><span class=\"text1noticias\">De quedar en el roster, \u00c1lvarez podr\u00eda ganar hasta 3,5 millones de d\u00f3lares con algunos incentivos relacionados con la cantidad de salidas a batear: 250.000 d\u00f3lares por cada 50 turnos al bate despu\u00e9s de los 200 y hasta los 350, y 500.000 por cada 50 a partir de los 400.<\/span><\/p>\n<p><span class=\"text1noticias\">Bateador zurdo que cumpli\u00f3 30 a\u00f1os el mes pasado, \u00c1lvarez tuvo promedio de 249 con 22 jonrones y 49 empujadas el a\u00f1o pasado, en que fue usado m\u00e1s que nada contra p\u00edtchers derechos.<\/span><\/p>\n<p><span class=\"text1noticias\">El a\u00f1o pasado \u00c1lvarez tuvo un salario de 5,75 millones de d\u00f3lares, a los que se sumaron 200.000 d\u00f3lares de premios.<\/span><\/p>\n<\/p>\n<h6> 2017-03-14 14:13:37 <\/h6>\n<p><!--\n<link rel=\"stylesheet\" href=\"css\/bootstrap.min.css\">\n\n\n<ul class=\"pagination\">\n\t    \n\t\n\n<li >\n\t<a href='?page_no=9374'>Previous<\/a>\n\t<\/li>\n\n\n       \n    \n\n<li><a href='?page_no=1'>1<\/a><\/li>\n\n\n\n<li><a href='?page_no=2'>2<\/a><\/li>\n\n\n\n<li><a>...<\/a><\/li>\n\n\n\n<li><a href='?page_no=9373'>9373<\/a><\/li>\n\n\n\n<li><a href='?page_no=9374'>9374<\/a><\/li>\n\n\n\n<li class='active'><a>9375<\/a><\/li>\n\n\n\n<li><a href='?page_no=9376'>9376<\/a><\/li>\n\n\n\n<li><a href='?page_no=9377'>9377<\/a><\/li>\n\n\n\n<li><a>...<\/a><\/li>\n\n\n\n<li><a href='?page_no=36618'>36618<\/a><\/li>\n\n\n\n<li><a href='?page_no=36619'>36619<\/a><\/li>\n\n    \n\t\n\n<li >\n\t<a href='?page_no=9376'>Next<\/a>\n\t<\/li>\n\n\n    \n\n<li><a href='?page_no=36619'>Last &rsaquo;&rsaquo;<\/a><\/li>\n\n<\/ul>\n\n\n--><br \/>\n<\/body><\/p>\n","protected":false},"excerpt":{"rendered":"<p>SARASOTA, Florida, 14 de marzo, &#8211; Pedro \u00c1lvarez probar\u00e1 fortuna como jardinero en su regreso a Baltimore. Infielder con Pittsburgh y bateador designado con los Orioles la temporada pasada, \u00c1lvarez firm\u00f3 el lunes un contrato de ligas menores y cobrar\u00e1 2 millones de d\u00f3lares por un a\u00f1o si queda en el roster de 40 jugadores. [&hellip;]<\/p>\n","protected":false},"author":3,"featured_media":0,"comment_status":"open","ping_status":"open","sticky":false,"template":"","format":"standard","meta":{"footnotes":""},"categories":[17],"tags":[],"class_list":["post-210142","post","type-post","status-publish","format-standard","hentry","category-deportes"],"_links":{"self":[{"href":"https:\/\/diariodominicano.com\/index.php?rest_route=\/wp\/v2\/posts\/210142","targetHints":{"allow":["GET"]}}],"collection":[{"href":"https:\/\/diariodominicano.com\/index.php?rest_route=\/wp\/v2\/posts"}],"about":[{"href":"https:\/\/diariodominicano.com\/index.php?rest_route=\/wp\/v2\/types\/post"}],"author":[{"embeddable":true,"href":"https:\/\/diariodominicano.com\/index.php?rest_route=\/wp\/v2\/users\/3"}],"replies":[{"embeddable":true,"href":"https:\/\/diariodominicano.com\/index.php?rest_route=%2Fwp%2Fv2%2Fcomments&post=210142"}],"version-history":[{"count":0,"href":"https:\/\/diariodominicano.com\/index.php?rest_route=\/wp\/v2\/posts\/210142\/revisions"}],"wp:attachment":[{"href":"https:\/\/diariodominicano.com\/index.php?rest_route=%2Fwp%2Fv2%2Fmedia&parent=210142"}],"wp:term":[{"taxonomy":"category","embeddable":true,"href":"https:\/\/diariodominicano.com\/index.php?rest_route=%2Fwp%2Fv2%2Fcategories&post=210142"},{"taxonomy":"post_tag","embeddable":true,"href":"https:\/\/diariodominicano.com\/index.php?rest_route=%2Fwp%2Fv2%2Ftags&post=210142"}],"curies":[{"name":"wp","href":"https:\/\/api.w.org\/{rel}","templated":true}]}}