{"id":210133,"date":"2017-03-15T14:19:13","date_gmt":"2017-03-15T14:19:13","guid":{"rendered":"http:\/\/diariodominicano.ddns.net\/?p=210133"},"modified":"2017-03-15T14:19:13","modified_gmt":"2017-03-15T14:19:13","slug":"vuelta-ciclistica-a-venezuela-comenzara-en-trujillo","status":"publish","type":"post","link":"https:\/\/diariodominicano.com\/?p=210133","title":{"rendered":"Vuelta Cicl\u00edstica a Venezuela comenzar\u00e1 en Trujillo"},"content":{"rendered":"<p><body><\/p>\n<p><img decoding=\"async\" src=\"img3\/Federacin-Venezolana-Cicli.jpg\" \/>  <\/p>\n<\/p>\n<\/p>\n<p><span class=\"text1noticias\">Caracas, 15 mar (PL) La Federaci\u00f3n Venezolana de Ciclismo (FVC) anunci\u00f3 que la pr\u00f3xima edici\u00f3n de la Vuelta a Venezuela comenzar\u00e1 en la localidad de Valera, estado de Trujillo, y se realizar\u00e1 del 7 al 16 de julio venidero.<\/span><\/p>\n<\/p>\n<p><span class=\"text1noticias\">Seg\u00fan un reporte de www.liderendeportes.com, la 54 versi\u00f3n de la competici\u00f3n tendr\u00e1 un recorrido aproximado de mil 695 kil\u00f3metros durante 10 etapas.<\/span><\/p>\n<\/p>\n<p><span class=\"text1noticias\">Adem\u00e1s de Trujillo, tambi\u00e9n acoger\u00e1n la Vuelta los estados de M\u00e9rida, Lara, Portuguesa, Carabobo, Yaracuy, Aragua, Gu\u00e1rico, Anzo\u00e1tegui, Sucre y Monagas, en la cual los ciclistas deber\u00e1n superar diferentes tipos de altimetr\u00edas en rutas planas y de monta\u00f1a.<\/span><\/p>\n<\/p>\n<p><span class=\"text1noticias\">El presidente de la FVC, Artemio Leonett Maestre, se\u00f1al\u00f3 que el cl\u00e1sico cicl\u00edstico se integrar\u00e1 al Circuito Continental de Am\u00e9rica Tour en la clase 2.2 de la Uni\u00f3n Ciclista Internacional (UCI) y se llevar\u00e1 a cabo para corredores \u00e9lites y menores de 23 a\u00f1os.<\/span><\/p>\n<\/p>\n<p><span class=\"text1noticias\">Yonathan Monsalve, del equipo JHS Aves, fue el campe\u00f3n de la pasada edici\u00f3n de la Vuelta a Venezuela, disputada en 2016.<\/span><\/p>\n<\/p>\n<p><span class=\"text1noticias\">Calendario de carrera <\/span><\/p>\n<\/p>\n<p><span class=\"text1noticias\">La primera etapa ser\u00e1 el viernes 7 julio con un trayecto de 120 km entre Valera, Trujillo y Timotes.<\/span><\/p>\n<\/p>\n<p><span class=\"text1noticias\">En la segunda, que ser\u00e1 el s\u00e1bado 8, se correr\u00e1n 212 km desde Flor de Patria (Trujillo) hasta El Tocuyo (Lara).<\/span><\/p>\n<\/p>\n<p><span class=\"text1noticias\">Para la tercera etapa se recorrer\u00e1 200 km, el domingo 9, desde El Tocuyo hasta Ospino (Portuguesa).<\/span><\/p>\n<\/p>\n<p><span class=\"text1noticias\">El lunes 10, los participantes ir\u00e1n desde Acarigua a San Felipe (Yaracuy) en un tramo de 155 km para la cuarta etapa.<\/span><\/p>\n<\/p>\n<p><span class=\"text1noticias\">La quinta etapa se realizar\u00e1 con 140 km el martes 11 desde San Felipe hasta Guacara (Carabobo).<\/span><\/p>\n<\/p>\n<p><span class=\"text1noticias\">Para la sexta etapa que tendr\u00e1 un recorrido de 193 km, se correr\u00e1 el mi\u00e9rcoles 12, desde Cagua (Aragua) hasta Altagracia de Orituco (Gu\u00e1rico).<\/span><\/p>\n<\/p>\n<p><span class=\"text1noticias\">El jueves 13 se realizar\u00e1 la s\u00e9ptima etapa se mudar\u00e1 al estado Anzo\u00e1tegui y se correr\u00e1 desde Guanape hasta Cantaura a una distancia de 215 km.<\/span><\/p>\n<\/p>\n<p><span class=\"text1noticias\">La octava etapa se realizar\u00e1 el viernes 14 desde Anaco (Anzo\u00e1tegui) hasta Cuman\u00e1 (Sucre), a un recorrido de 180 km.<\/span><\/p>\n<\/p>\n<p><span class=\"text1noticias\">El s\u00e1bado 15 ser\u00e1 la pen\u00faltima etapa y tendr\u00e1 un recorrido de 190 km desde Cuman\u00e1 hasta Matur\u00edn (Monagas).<\/span><\/p>\n<\/p>\n<p><span class=\"text1noticias\">La \u00faltima etapa ser\u00e1 el domingo 16 en un circuito que se efectuar\u00e1 en Matur\u00edn.<\/span><\/p>\n<h6> 2017-03-15 14:19:13 <\/h6>\n<p><!--\n<link rel=\"stylesheet\" href=\"css\/bootstrap.min.css\">\n\n\n<ul class=\"pagination\">\n\t    \n\t\n\n<li >\n\t<a href='?page_no=9366'>Previous<\/a>\n\t<\/li>\n\n\n       \n    \n\n<li><a href='?page_no=1'>1<\/a><\/li>\n\n\n\n<li><a href='?page_no=2'>2<\/a><\/li>\n\n\n\n<li><a>...<\/a><\/li>\n\n\n\n<li><a href='?page_no=9365'>9365<\/a><\/li>\n\n\n\n<li><a href='?page_no=9366'>9366<\/a><\/li>\n\n\n\n<li class='active'><a>9367<\/a><\/li>\n\n\n\n<li><a href='?page_no=9368'>9368<\/a><\/li>\n\n\n\n<li><a href='?page_no=9369'>9369<\/a><\/li>\n\n\n\n<li><a>...<\/a><\/li>\n\n\n\n<li><a href='?page_no=36618'>36618<\/a><\/li>\n\n\n\n<li><a href='?page_no=36619'>36619<\/a><\/li>\n\n    \n\t\n\n<li >\n\t<a href='?page_no=9368'>Next<\/a>\n\t<\/li>\n\n\n    \n\n<li><a href='?page_no=36619'>Last &rsaquo;&rsaquo;<\/a><\/li>\n\n<\/ul>\n\n\n--><br \/>\n<\/body><\/p>\n","protected":false},"excerpt":{"rendered":"<p>Caracas, 15 mar (PL) La Federaci\u00f3n Venezolana de Ciclismo (FVC) anunci\u00f3 que la pr\u00f3xima edici\u00f3n de la Vuelta a Venezuela comenzar\u00e1 en la localidad de Valera, estado de Trujillo, y se realizar\u00e1 del 7 al 16 de julio venidero. Seg\u00fan un reporte de www.liderendeportes.com, la 54 versi\u00f3n de la competici\u00f3n tendr\u00e1 un recorrido aproximado de [&hellip;]<\/p>\n","protected":false},"author":3,"featured_media":0,"comment_status":"open","ping_status":"open","sticky":false,"template":"","format":"standard","meta":{"footnotes":""},"categories":[17],"tags":[],"class_list":["post-210133","post","type-post","status-publish","format-standard","hentry","category-deportes"],"_links":{"self":[{"href":"https:\/\/diariodominicano.com\/index.php?rest_route=\/wp\/v2\/posts\/210133","targetHints":{"allow":["GET"]}}],"collection":[{"href":"https:\/\/diariodominicano.com\/index.php?rest_route=\/wp\/v2\/posts"}],"about":[{"href":"https:\/\/diariodominicano.com\/index.php?rest_route=\/wp\/v2\/types\/post"}],"author":[{"embeddable":true,"href":"https:\/\/diariodominicano.com\/index.php?rest_route=\/wp\/v2\/users\/3"}],"replies":[{"embeddable":true,"href":"https:\/\/diariodominicano.com\/index.php?rest_route=%2Fwp%2Fv2%2Fcomments&post=210133"}],"version-history":[{"count":0,"href":"https:\/\/diariodominicano.com\/index.php?rest_route=\/wp\/v2\/posts\/210133\/revisions"}],"wp:attachment":[{"href":"https:\/\/diariodominicano.com\/index.php?rest_route=%2Fwp%2Fv2%2Fmedia&parent=210133"}],"wp:term":[{"taxonomy":"category","embeddable":true,"href":"https:\/\/diariodominicano.com\/index.php?rest_route=%2Fwp%2Fv2%2Fcategories&post=210133"},{"taxonomy":"post_tag","embeddable":true,"href":"https:\/\/diariodominicano.com\/index.php?rest_route=%2Fwp%2Fv2%2Ftags&post=210133"}],"curies":[{"name":"wp","href":"https:\/\/api.w.org\/{rel}","templated":true}]}}