{"id":210130,"date":"2017-03-15T14:27:38","date_gmt":"2017-03-15T14:27:38","guid":{"rendered":"http:\/\/diariodominicano.ddns.net\/?p=210130"},"modified":"2017-03-15T14:27:38","modified_gmt":"2017-03-15T14:27:38","slug":"rick-porcello-abrira-por-los-medias-rojas-en-el-dia-inaugural","status":"publish","type":"post","link":"https:\/\/diariodominicano.com\/?p=210130","title":{"rendered":"Rick Porcello abrir\u00e1 por los Medias Rojas en el D\u00eda Inaugural"},"content":{"rendered":"<p><body><\/p>\n<p><img decoding=\"async\" src=\"img3\/Porcello1280_vxhe6bi9_exhk1zy7.jpg\" \/>  <\/p>\n<\/p>\n<p>MLB, 15 de marzo, -El derecho Rick Porcello, ganador del Premio Cy Young en la Liga Americana en el 2016, abrir\u00e1 por los Medias Rojas en el D\u00eda Inaugural, anunci\u00f3 el capataz John Farrell.<\/p>\n<\/p>\n<p>Se trata de la primera vez en su carrera que Porcello recibe dicha encomienda.<\/p>\n<p>La novena de Boston dar\u00e1 inicio a la campa\u00f1a del 2017 en el Fenway Park el 3 de abril ante los Piratas. El zurdo Chris Sale, a quien los Patirrojos adquirieron durante el receso de temporada en un canje con los Medias Blancas de Chicago, abrir\u00e1 el segundo partido del equipo el 5 de abril.<\/p>\n<p>Se espera que el zurdo David Price, la tercera pieza del tr\u00edo de abridores que tiene a Boston entre los favoritos del Joven Circuito, comience la campa\u00f1a en la lista de lesionados debido a molestias en el antebrazo y el codo de lanzar que han atrasado su programa de tiros.<\/p>\n<h6> 2017-03-15 14:27:38 <\/h6>\n<p><!--\n<link rel=\"stylesheet\" href=\"css\/bootstrap.min.css\">\n\n\n<ul class=\"pagination\">\n\t    \n\t\n\n<li >\n\t<a href='?page_no=9363'>Previous<\/a>\n\t<\/li>\n\n\n       \n    \n\n<li><a href='?page_no=1'>1<\/a><\/li>\n\n\n\n<li><a href='?page_no=2'>2<\/a><\/li>\n\n\n\n<li><a>...<\/a><\/li>\n\n\n\n<li><a href='?page_no=9362'>9362<\/a><\/li>\n\n\n\n<li><a href='?page_no=9363'>9363<\/a><\/li>\n\n\n\n<li class='active'><a>9364<\/a><\/li>\n\n\n\n<li><a href='?page_no=9365'>9365<\/a><\/li>\n\n\n\n<li><a href='?page_no=9366'>9366<\/a><\/li>\n\n\n\n<li><a>...<\/a><\/li>\n\n\n\n<li><a href='?page_no=36618'>36618<\/a><\/li>\n\n\n\n<li><a href='?page_no=36619'>36619<\/a><\/li>\n\n    \n\t\n\n<li >\n\t<a href='?page_no=9365'>Next<\/a>\n\t<\/li>\n\n\n    \n\n<li><a href='?page_no=36619'>Last &rsaquo;&rsaquo;<\/a><\/li>\n\n<\/ul>\n\n\n--><br \/>\n<\/body><\/p>\n","protected":false},"excerpt":{"rendered":"<p>MLB, 15 de marzo, -El derecho Rick Porcello, ganador del Premio Cy Young en la Liga Americana en el 2016, abrir\u00e1 por los Medias Rojas en el D\u00eda Inaugural, anunci\u00f3 el capataz John Farrell. Se trata de la primera vez en su carrera que Porcello recibe dicha encomienda. La novena de Boston dar\u00e1 inicio a [&hellip;]<\/p>\n","protected":false},"author":3,"featured_media":0,"comment_status":"open","ping_status":"open","sticky":false,"template":"","format":"standard","meta":{"footnotes":""},"categories":[17],"tags":[],"class_list":["post-210130","post","type-post","status-publish","format-standard","hentry","category-deportes"],"_links":{"self":[{"href":"https:\/\/diariodominicano.com\/index.php?rest_route=\/wp\/v2\/posts\/210130","targetHints":{"allow":["GET"]}}],"collection":[{"href":"https:\/\/diariodominicano.com\/index.php?rest_route=\/wp\/v2\/posts"}],"about":[{"href":"https:\/\/diariodominicano.com\/index.php?rest_route=\/wp\/v2\/types\/post"}],"author":[{"embeddable":true,"href":"https:\/\/diariodominicano.com\/index.php?rest_route=\/wp\/v2\/users\/3"}],"replies":[{"embeddable":true,"href":"https:\/\/diariodominicano.com\/index.php?rest_route=%2Fwp%2Fv2%2Fcomments&post=210130"}],"version-history":[{"count":0,"href":"https:\/\/diariodominicano.com\/index.php?rest_route=\/wp\/v2\/posts\/210130\/revisions"}],"wp:attachment":[{"href":"https:\/\/diariodominicano.com\/index.php?rest_route=%2Fwp%2Fv2%2Fmedia&parent=210130"}],"wp:term":[{"taxonomy":"category","embeddable":true,"href":"https:\/\/diariodominicano.com\/index.php?rest_route=%2Fwp%2Fv2%2Fcategories&post=210130"},{"taxonomy":"post_tag","embeddable":true,"href":"https:\/\/diariodominicano.com\/index.php?rest_route=%2Fwp%2Fv2%2Ftags&post=210130"}],"curies":[{"name":"wp","href":"https:\/\/api.w.org\/{rel}","templated":true}]}}