{"id":210129,"date":"2017-03-15T14:32:02","date_gmt":"2017-03-15T14:32:02","guid":{"rendered":"http:\/\/diariodominicano.ddns.net\/?p=210129"},"modified":"2017-03-15T14:32:02","modified_gmt":"2017-03-15T14:32:02","slug":"yadier-molina-se-robo-el-show-en-el-triunfo-de-puerto-rico-sobre-r-d","status":"publish","type":"post","link":"https:\/\/diariodominicano.com\/?p=210129","title":{"rendered":"Yadier Molina se rob\u00f3 el show en el triunfo de Puerto Rico sobre R.D."},"content":{"rendered":"<p><body><\/p>\n<p><img decoding=\"async\" src=\"img3\/molina.jpg\" \/>  <\/p>\n<\/p>\n<p>SAN DIEGO, 15 de marzo &#8211; Cuenta Edwin Rodr\u00edguez que en el 2015, Yadier Molina, pensando que el Cl\u00e1sico Mundial de B\u00e9isbol ser\u00eda en el 2016 y no este 2017, empez\u00f3 a comunicarse con \u00e9l para hablar de posibles alineaciones para la selecci\u00f3n de Puerto Rico.<\/p>\n<\/p>\n<p>As\u00ed es el entusiasmo de Molina por ser un l\u00edder del equipo boricua. El martes en el primer choque del Grupo F del Cl\u00e1sico, el menor del tr\u00edo de hermanos c\u00e1tchers hizo de todo para ayudar a su escuadra a vengarse de la Rep\u00fablica Dominicana luego de sus tres derrotas ante dicho equipo en el 2013.<\/p>\n<p>En la victoria del equipo puertorrique\u00f1o por 3-1, Molina se fue de 4-2 con un jonr\u00f3n y dos empujadas.<\/p>\n<p>A la defensa, complet\u00f3 un out crucial en el home gracias a un excelente tiro desde el jard\u00edn derecho de Eddie Rosario para frenar a los dominicanos en el primer episodio, y m\u00e1s adelante en el juego atrap\u00f3 a Nelson Cruz en un intento de robo. Adem\u00e1s, manej\u00f3 de manera excelente el pitcheo de su equipo y, como veterano sagaz, \u00abcuadr\u00f3\u00bb los lanzamientos de una manera tan eficaz que los strikes cantados provocaron una fuerte discusi\u00f3n con el \u00e1rbitro principal de parte del manager de Dominicana, Tony Pe\u00f1a, quien termin\u00f3 siendo expulsado del juego.<\/p>\n<p>Con su triunfo del martes, Puerto Rico lleva 4-0 en el Cl\u00e1sico Mundial del 2017 y de paso, propin\u00f3 a los quisqueyanos su primera derrota en el evento desde el 10 de marzo del 2009.<\/p>\n<p>\u00abEs Molina. Esto lo hemos visto por a\u00f1os\u00bb, dijo Rodr\u00edguez, manager de la escuadra boricua. \u00abYadier Molina es el denominador com\u00fan en todas estas victorias.<\/p>\n<p>\u00abComo va Yadier Molina, va el equipo. Trae tanto no s\u00f3lo a la defensa, sino tambi\u00e9n con su ofensiva. Y su manejo del pitcheo. Lo hemos visto en Grandes Ligas y con la selecci\u00f3n de Puerto Rico. Definitivamente, es el coraz\u00f3n del equipo\u00bb.<\/p>\n<p>Desde la cueva contraria, Pe\u00f1a-brillante c\u00e1tcher defensivo en sus tiempos como jugador de Grandes Ligas-not\u00f3 lo hecho por el oriundo de Bayam\u00f3n.<\/p>\n<p>\u00abYadier Molina es uno de los receptores m\u00e1s grandes ahora mismo en el b\u00e9isbol\u00bb, dijo el dirigente dominicano. \u00abHoy fue la maestr\u00eda que us\u00f3 Yadier Molina, haciendo que pitcheos que son bolas sean strikes\u00bb.<\/p>\n<p>Como de costumbre, el veterano de 34 a\u00f1os prefiri\u00f3 hablar m\u00e1s del equipo que de sus propias haza\u00f1as.<\/p>\n<p>\u00abLe doy gracias a Dios por tener la oportunidad de tener un buen juego, pero el cr\u00e9dito se lo doy al equipo\u00bb, expres\u00f3 Molina. \u00abHicimos las cosas que quisimos bien. Tenemos un coraz\u00f3n grande y salimos a jugar. Estamos bien\u00bb.<\/p>\n<p>M\u00e1s que bien est\u00e1 la selecci\u00f3n puertorrique\u00f1a. Con 1-0 en el Grupo F y sin derrotas hasta ahora en el Cl\u00e1sico, el equipo descansar\u00e1 dos d\u00edas antes de su pr\u00f3ximo partido, que ser\u00e1 el viernes contra los Estados Unidos.<\/p>\n<\/p>\n<h6> 2017-03-15 14:32:02 <\/h6>\n<p><!--\n<link rel=\"stylesheet\" href=\"css\/bootstrap.min.css\">\n\n\n<ul class=\"pagination\">\n\t    \n\t\n\n<li >\n\t<a href='?page_no=9362'>Previous<\/a>\n\t<\/li>\n\n\n       \n    \n\n<li><a href='?page_no=1'>1<\/a><\/li>\n\n\n\n<li><a href='?page_no=2'>2<\/a><\/li>\n\n\n\n<li><a>...<\/a><\/li>\n\n\n\n<li><a href='?page_no=9361'>9361<\/a><\/li>\n\n\n\n<li><a href='?page_no=9362'>9362<\/a><\/li>\n\n\n\n<li class='active'><a>9363<\/a><\/li>\n\n\n\n<li><a href='?page_no=9364'>9364<\/a><\/li>\n\n\n\n<li><a href='?page_no=9365'>9365<\/a><\/li>\n\n\n\n<li><a>...<\/a><\/li>\n\n\n\n<li><a href='?page_no=36618'>36618<\/a><\/li>\n\n\n\n<li><a href='?page_no=36619'>36619<\/a><\/li>\n\n    \n\t\n\n<li >\n\t<a href='?page_no=9364'>Next<\/a>\n\t<\/li>\n\n\n    \n\n<li><a href='?page_no=36619'>Last &rsaquo;&rsaquo;<\/a><\/li>\n\n<\/ul>\n\n\n--><br \/>\n<\/body><\/p>\n","protected":false},"excerpt":{"rendered":"<p>SAN DIEGO, 15 de marzo &#8211; Cuenta Edwin Rodr\u00edguez que en el 2015, Yadier Molina, pensando que el Cl\u00e1sico Mundial de B\u00e9isbol ser\u00eda en el 2016 y no este 2017, empez\u00f3 a comunicarse con \u00e9l para hablar de posibles alineaciones para la selecci\u00f3n de Puerto Rico. As\u00ed es el entusiasmo de Molina por ser un [&hellip;]<\/p>\n","protected":false},"author":3,"featured_media":0,"comment_status":"open","ping_status":"open","sticky":false,"template":"","format":"standard","meta":{"footnotes":""},"categories":[17],"tags":[],"class_list":["post-210129","post","type-post","status-publish","format-standard","hentry","category-deportes"],"_links":{"self":[{"href":"https:\/\/diariodominicano.com\/index.php?rest_route=\/wp\/v2\/posts\/210129","targetHints":{"allow":["GET"]}}],"collection":[{"href":"https:\/\/diariodominicano.com\/index.php?rest_route=\/wp\/v2\/posts"}],"about":[{"href":"https:\/\/diariodominicano.com\/index.php?rest_route=\/wp\/v2\/types\/post"}],"author":[{"embeddable":true,"href":"https:\/\/diariodominicano.com\/index.php?rest_route=\/wp\/v2\/users\/3"}],"replies":[{"embeddable":true,"href":"https:\/\/diariodominicano.com\/index.php?rest_route=%2Fwp%2Fv2%2Fcomments&post=210129"}],"version-history":[{"count":0,"href":"https:\/\/diariodominicano.com\/index.php?rest_route=\/wp\/v2\/posts\/210129\/revisions"}],"wp:attachment":[{"href":"https:\/\/diariodominicano.com\/index.php?rest_route=%2Fwp%2Fv2%2Fmedia&parent=210129"}],"wp:term":[{"taxonomy":"category","embeddable":true,"href":"https:\/\/diariodominicano.com\/index.php?rest_route=%2Fwp%2Fv2%2Fcategories&post=210129"},{"taxonomy":"post_tag","embeddable":true,"href":"https:\/\/diariodominicano.com\/index.php?rest_route=%2Fwp%2Fv2%2Ftags&post=210129"}],"curies":[{"name":"wp","href":"https:\/\/api.w.org\/{rel}","templated":true}]}}