{"id":210124,"date":"2017-03-16T08:19:49","date_gmt":"2017-03-16T08:19:49","guid":{"rendered":"http:\/\/diariodominicano.ddns.net\/?p=210124"},"modified":"2017-03-16T08:19:49","modified_gmt":"2017-03-16T08:19:49","slug":"el-beisbol-boricua-se-encuentra-en-su-mejor-momento-de-la-historia-reciente","status":"publish","type":"post","link":"https:\/\/diariodominicano.com\/?p=210124","title":{"rendered":"El b\u00e9isbol boricua se encuentra en su mejor momento de la historia reciente"},"content":{"rendered":"<p><body><\/p>\n<p><img decoding=\"async\" src=\"img3\/pr.jpg\" \/>  <\/p>\n<p>SAN DIEGO, 16 de marzo.- Despu\u00e9s de varios a\u00f1os para el olvido dentro y fuera de la Isla del Encanto, el b\u00e9isbol puertorrique\u00f1o se encuentra en uno de sus mejores momentos de la historia reciente.<\/p>\n<\/p>\n<p>Con j\u00f3venes estelares como Francisco Lindor, Carlos Correa y Javier B\u00e1ez destac\u00e1ndose en las Grandes Ligas-y en el Cl\u00e1sico Mundial 2017-Puerto Rico ha vuelto a aportar talento de lujo al mejor b\u00e9isbol. A nivel colectivo, los Criollos de Caguas conquistaron el mes pasado el primer t\u00edtulo de la Serie del Caribe para los boricuas en 17 a\u00f1os. Y por supuesto, los dirigidos por Edwin Rodr\u00edguez llevan 4-0 en lo que va de este Cl\u00e1sico, luego de ser subcampe\u00f3n hace cuatro a\u00f1os.<\/p>\n<\/p>\n<p>\u00abEsto es como un sue\u00f1o hecho realidad\u00bb, dijo el gerente general de la selecci\u00f3n puertorrique\u00f1a, Alex Cora-quien tambi\u00e9n fue arquitecto de los Criollos campeones en la liga invernal de Puerto Rico y Culiac\u00e1n 2017. \u00abEstos d\u00edas se hab\u00edan visualizado por el \u00faltimo a\u00f1o y medio, desde que cuando me nombraron gerente general del equipo de Puerto Rico.<\/p>\n<\/p>\n<p>\u00abVer la manera en que los muchachos han jugado, de verdad es incre\u00edble lo que est\u00e1 sucediendo en Puerto Rico. Hemos paralizado el pa\u00eds y con todas las cosas negativas que est\u00e1n sucediendo, tenemos cosas positivas ahora mismo. Estamos bien entusiasmados y espero que podamos hacer esto por una semana m\u00e1s\u00bb.<\/p>\n<\/p>\n<p>LA ENERG\u00cdA Y LA CALIDAD DE LA JUVENTUD<\/p>\n<p>Lindor, B\u00e1ez y Correa han brillando en Grandes Ligas con los Indos, Cachorros y Astros, respectivamente. Con la selecci\u00f3n boricua, el tr\u00edo se ha destacado tanto a la defensa en el cuadro interior como al bate en este Cl\u00e1sico Mundial. Y m\u00e1s all\u00e1 del desempe\u00f1o y los n\u00fameros, se nota la alegr\u00eda con la que hacen cada cosa en el terreno.<\/p>\n<\/p>\n<p>\u00abTodos estamos en la misma p\u00e1gina\u00bb, dijo Correa, de tan s\u00f3lo 22 a\u00f1os de edad. \u00abTodos quieren ganar; Francisco, Javier, (Carlos) Beltr\u00e1n, (Yadier) Molina. Todo el mundo est\u00e1 en la misma p\u00e1gina y obviamente eso lo hace m\u00e1s divertido.<\/p>\n<p>\u00abHasta ahora creo que lo estamos haciendo muy bien y esperamos poder seguir haci\u00e9ndolo. Estamos bien unidos. La atm\u00f3sfera en el clubhouse es algo incre\u00edble\u00bb.<\/p>\n<\/p>\n<p>VETERAN\u00cdA CLAVE EN LA SELECCI\u00d3N<\/p>\n<p>Los dos l\u00edderes indiscutibles del equipo puertorrique\u00f1o son Molina y Beltr\u00e1n, dos veteranos no s\u00f3lo de Grandes Ligas, sino de la selecci\u00f3n en Cl\u00e1sicos. Seg\u00fan Rodr\u00edguez, el d\u00fao ha dado el ejemplo en cada momento.<\/p>\n<\/p>\n<p>\u00abCuando tienes un Yadier Molina, un Carlos Beltr\u00e1n, que son consistentes con su mensaje, los muchachos captan el mensaje\u00bb, expres\u00f3 el capataz. \u00abLo han estado haciendo desde (los entrenamientos de la selecci\u00f3n) en Arizona. Esa es la clave\u00bb.<\/p>\n<\/p>\n<p>Ahora con su r\u00e9cord de 1-0 en el Grupo F luego de la victoria sobre Dominicana el martes, la meta es llegar a la ronda de campeonato en Los Angeles la pr\u00f3xima semana y dar ese \u00faltimo paso que le falt\u00f3 hace cuatro a\u00f1os.<\/p>\n<\/p>\n<p>De ser as\u00ed, ser\u00edan dos coronas en espacio en un mes y medio para el b\u00e9isbol boricua.<\/p>\n<\/p>\n<p>\u00abSabemos que los muchachos quieren darle el m\u00e1ximo y yo conf\u00edo en ellos, en ese grupo que tenemos, bien unido\u00bb, manifest\u00f3 Jos\u00e9 Molina, hermano mayor de Yadier, ex receptor de Grandes Ligas y coach del equipo de Puerto Rico en este Cl\u00e1sico. \u00abPara eso es este evento, unir a tu pa\u00eds, seres humanos y naciones. Creo que nosotros lo estamos haciendo\u00bb.<\/p>\n<h6> 2017-03-16 08:19:49 <\/h6>\n<p><!--\n<link rel=\"stylesheet\" href=\"css\/bootstrap.min.css\">\n\n\n<ul class=\"pagination\">\n\t    \n\t\n\n<li >\n\t<a href='?page_no=9358'>Previous<\/a>\n\t<\/li>\n\n\n       \n    \n\n<li><a href='?page_no=1'>1<\/a><\/li>\n\n\n\n<li><a href='?page_no=2'>2<\/a><\/li>\n\n\n\n<li><a>...<\/a><\/li>\n\n\n\n<li><a href='?page_no=9357'>9357<\/a><\/li>\n\n\n\n<li><a href='?page_no=9358'>9358<\/a><\/li>\n\n\n\n<li class='active'><a>9359<\/a><\/li>\n\n\n\n<li><a href='?page_no=9360'>9360<\/a><\/li>\n\n\n\n<li><a href='?page_no=9361'>9361<\/a><\/li>\n\n\n\n<li><a>...<\/a><\/li>\n\n\n\n<li><a href='?page_no=36618'>36618<\/a><\/li>\n\n\n\n<li><a href='?page_no=36619'>36619<\/a><\/li>\n\n    \n\t\n\n<li >\n\t<a href='?page_no=9360'>Next<\/a>\n\t<\/li>\n\n\n    \n\n<li><a href='?page_no=36619'>Last &rsaquo;&rsaquo;<\/a><\/li>\n\n<\/ul>\n\n\n--><br \/>\n<\/body><\/p>\n","protected":false},"excerpt":{"rendered":"<p>SAN DIEGO, 16 de marzo.- Despu\u00e9s de varios a\u00f1os para el olvido dentro y fuera de la Isla del Encanto, el b\u00e9isbol puertorrique\u00f1o se encuentra en uno de sus mejores momentos de la historia reciente. Con j\u00f3venes estelares como Francisco Lindor, Carlos Correa y Javier B\u00e1ez destac\u00e1ndose en las Grandes Ligas-y en el Cl\u00e1sico Mundial [&hellip;]<\/p>\n","protected":false},"author":3,"featured_media":0,"comment_status":"open","ping_status":"open","sticky":false,"template":"","format":"standard","meta":{"footnotes":""},"categories":[17],"tags":[],"class_list":["post-210124","post","type-post","status-publish","format-standard","hentry","category-deportes"],"_links":{"self":[{"href":"https:\/\/diariodominicano.com\/index.php?rest_route=\/wp\/v2\/posts\/210124","targetHints":{"allow":["GET"]}}],"collection":[{"href":"https:\/\/diariodominicano.com\/index.php?rest_route=\/wp\/v2\/posts"}],"about":[{"href":"https:\/\/diariodominicano.com\/index.php?rest_route=\/wp\/v2\/types\/post"}],"author":[{"embeddable":true,"href":"https:\/\/diariodominicano.com\/index.php?rest_route=\/wp\/v2\/users\/3"}],"replies":[{"embeddable":true,"href":"https:\/\/diariodominicano.com\/index.php?rest_route=%2Fwp%2Fv2%2Fcomments&post=210124"}],"version-history":[{"count":0,"href":"https:\/\/diariodominicano.com\/index.php?rest_route=\/wp\/v2\/posts\/210124\/revisions"}],"wp:attachment":[{"href":"https:\/\/diariodominicano.com\/index.php?rest_route=%2Fwp%2Fv2%2Fmedia&parent=210124"}],"wp:term":[{"taxonomy":"category","embeddable":true,"href":"https:\/\/diariodominicano.com\/index.php?rest_route=%2Fwp%2Fv2%2Fcategories&post=210124"},{"taxonomy":"post_tag","embeddable":true,"href":"https:\/\/diariodominicano.com\/index.php?rest_route=%2Fwp%2Fv2%2Ftags&post=210124"}],"curies":[{"name":"wp","href":"https:\/\/api.w.org\/{rel}","templated":true}]}}