{"id":210120,"date":"2017-03-16T14:11:27","date_gmt":"2017-03-16T14:11:27","guid":{"rendered":"http:\/\/diariodominicano.ddns.net\/?p=210120"},"modified":"2017-03-16T14:11:27","modified_gmt":"2017-03-16T14:11:27","slug":"cinco-internacionales-en-convocatoria-angolena-para-fecha-fifa","status":"publish","type":"post","link":"https:\/\/diariodominicano.com\/?p=210120","title":{"rendered":"Cinco internacionales en convocatoria angole\u00f1a para fecha FIFA"},"content":{"rendered":"<p><body><\/p>\n<p><img decoding=\"async\" src=\"img3\/Beto-Bianchi.jpg\" \/>  <\/p>\n<p><span class=\"text1noticias\">Luanda, 16 mar (PL) Cinco angole\u00f1os participantes en ligas internacionales de f\u00fatbol se cuentan hoy entre los 21 convocados por el flamante t\u00e9cnico brasile\u00f1o Beto Bianchi para la fecha FIFA en la que tendr\u00e1n delante a Sud\u00e1frica, el pr\u00f3ximo d\u00eda 28.<\/span><\/p>\n<\/p>\n<p><span class=\"text1noticias\">El colectivo se concentrar\u00e1 el lunes pr\u00f3ximo en Luanda para cumplir en la ciudad sudafricana de Bloenfonteim con el primer desaf\u00edo marcado este a\u00f1o por la Federaci\u00f3n Internacional de Asociaciones de F\u00fatbol (FIFA), expuso Bianchi en declaraciones a los periodistas.<\/span><\/p>\n<\/p>\n<p><span class=\"text1noticias\">Entre los nombres sobresale el regreso del atacante Manucho Gonzalves (Rayo Vallecano de Espa\u00f1a), casi cuatro a\u00f1os despu\u00e9s, en el quinteto de los que juegan en el extranjero.<\/span><\/p>\n<\/p>\n<p><span class=\"text1noticias\">Adem\u00e1s est\u00e1n Bastos (L\u00e1zio de It\u00e1lia), el mediocampista Buatu (Waasland-Bevereen da B\u00e9lgica), y los delanteros Ary (Moreirense de Portugal) y Freddy (Excelsior da Holanda).<\/span><\/p>\n<\/p>\n<p><span class=\"text1noticias\">La lista de ausencias notables, todas por lesi\u00f3n, la integran Gelson Dala (Sporting Portugal), Djalma Campos (Grecia) y el portero Dominique (1 de agosto).<\/span><\/p>\n<\/p>\n<p><span class=\"text1noticias\">El entrenador tiene como derrotero para este a\u00f1o clasificarse para la Copa Africana de F\u00fatbol, en 2019 en Camer\u00fan.<\/span><\/p>\n<\/p>\n<p><span class=\"text1noticias\">Equipo convocado: <\/span><\/p>\n<\/p>\n<p><span class=\"text1noticias\">Porteros: Gerson (Petro de Luanda) y Neblu (Interclube).<\/span><\/p>\n<\/p>\n<p><span class=\"text1noticias\">Defesas: Bastos (L\u00e1zio de It\u00e1lia), Nary (Kabuscorp), Eddy (Recreativo do Libolo), Natael (1 de Agosto), Isaac (1 de Agosto) y Lunguinha (Progreso de Sambizanga).<\/span><\/p>\n<\/p>\n<p><span class=\"text1noticias\">Mediocampo: Pirolito (Interclube), Herenilson (Petro de Luanda), Buatu (Waasland-Bevereen de B\u00e9lgica), Dudu Leite (Recreativo da Ca\u00e1la, debutante), Manguxi (Petro de Luanda), Paty (Interclube) y Bua (1 de Agosto).<\/span><\/p>\n<\/p>\n<p><span class=\"text1noticias\">Delanteros: Ary (Moreirense de Portugal), V\u00e1 (Progreso de Lunda Sur), Nandinho (Recreativo do Libolo), Freddy (Excelsior da Holanda), Yano (Progreso de Sambizanga) y Manucho Gonzalves (Rayo Vallecano da Espanha).<\/span><\/p>\n<\/p>\n<h6> 2017-03-16 14:11:27 <\/h6>\n<p><!--\n<link rel=\"stylesheet\" href=\"css\/bootstrap.min.css\">\n\n\n<ul class=\"pagination\">\n\t    \n\t\n\n<li >\n\t<a href='?page_no=9354'>Previous<\/a>\n\t<\/li>\n\n\n       \n    \n\n<li><a href='?page_no=1'>1<\/a><\/li>\n\n\n\n<li><a href='?page_no=2'>2<\/a><\/li>\n\n\n\n<li><a>...<\/a><\/li>\n\n\n\n<li><a href='?page_no=9353'>9353<\/a><\/li>\n\n\n\n<li><a href='?page_no=9354'>9354<\/a><\/li>\n\n\n\n<li class='active'><a>9355<\/a><\/li>\n\n\n\n<li><a href='?page_no=9356'>9356<\/a><\/li>\n\n\n\n<li><a href='?page_no=9357'>9357<\/a><\/li>\n\n\n\n<li><a>...<\/a><\/li>\n\n\n\n<li><a href='?page_no=36618'>36618<\/a><\/li>\n\n\n\n<li><a href='?page_no=36619'>36619<\/a><\/li>\n\n    \n\t\n\n<li >\n\t<a href='?page_no=9356'>Next<\/a>\n\t<\/li>\n\n\n    \n\n<li><a href='?page_no=36619'>Last &rsaquo;&rsaquo;<\/a><\/li>\n\n<\/ul>\n\n\n--><br \/>\n<\/body><\/p>\n","protected":false},"excerpt":{"rendered":"<p>Luanda, 16 mar (PL) Cinco angole\u00f1os participantes en ligas internacionales de f\u00fatbol se cuentan hoy entre los 21 convocados por el flamante t\u00e9cnico brasile\u00f1o Beto Bianchi para la fecha FIFA en la que tendr\u00e1n delante a Sud\u00e1frica, el pr\u00f3ximo d\u00eda 28. El colectivo se concentrar\u00e1 el lunes pr\u00f3ximo en Luanda para cumplir en la ciudad [&hellip;]<\/p>\n","protected":false},"author":3,"featured_media":0,"comment_status":"open","ping_status":"open","sticky":false,"template":"","format":"standard","meta":{"footnotes":""},"categories":[17],"tags":[],"class_list":["post-210120","post","type-post","status-publish","format-standard","hentry","category-deportes"],"_links":{"self":[{"href":"https:\/\/diariodominicano.com\/index.php?rest_route=\/wp\/v2\/posts\/210120","targetHints":{"allow":["GET"]}}],"collection":[{"href":"https:\/\/diariodominicano.com\/index.php?rest_route=\/wp\/v2\/posts"}],"about":[{"href":"https:\/\/diariodominicano.com\/index.php?rest_route=\/wp\/v2\/types\/post"}],"author":[{"embeddable":true,"href":"https:\/\/diariodominicano.com\/index.php?rest_route=\/wp\/v2\/users\/3"}],"replies":[{"embeddable":true,"href":"https:\/\/diariodominicano.com\/index.php?rest_route=%2Fwp%2Fv2%2Fcomments&post=210120"}],"version-history":[{"count":0,"href":"https:\/\/diariodominicano.com\/index.php?rest_route=\/wp\/v2\/posts\/210120\/revisions"}],"wp:attachment":[{"href":"https:\/\/diariodominicano.com\/index.php?rest_route=%2Fwp%2Fv2%2Fmedia&parent=210120"}],"wp:term":[{"taxonomy":"category","embeddable":true,"href":"https:\/\/diariodominicano.com\/index.php?rest_route=%2Fwp%2Fv2%2Fcategories&post=210120"},{"taxonomy":"post_tag","embeddable":true,"href":"https:\/\/diariodominicano.com\/index.php?rest_route=%2Fwp%2Fv2%2Ftags&post=210120"}],"curies":[{"name":"wp","href":"https:\/\/api.w.org\/{rel}","templated":true}]}}