{"id":210119,"date":"2017-03-16T14:17:48","date_gmt":"2017-03-16T14:17:48","guid":{"rendered":"http:\/\/diariodominicano.ddns.net\/?p=210119"},"modified":"2017-03-16T14:17:48","modified_gmt":"2017-03-16T14:17:48","slug":"martin-prado-regresa-con-marlins-para-someterse-a-pruebas","status":"publish","type":"post","link":"https:\/\/diariodominicano.com\/?p=210119","title":{"rendered":"Mart\u00edn Prado regresa con Marlins para someterse a pruebas"},"content":{"rendered":"<p><body><\/p>\n<p><img decoding=\"async\" src=\"img3\/marlin.jpg\" \/>  <\/p>\n<\/p>\n<p>JUPITER, 16 de marzo, &#8211; Florida &#8212; Mart\u00edn Prado, quien sufri\u00f3 un tir\u00f3n en la corva derecha jugando por la selecci\u00f3n de Venezuela en el Cl\u00e1sico Mundial de B\u00e9isbol, regresar\u00e1 a los Entrenamientos de Primavera de los Marlins para ser evaluado por los m\u00e9dicos del equipo.<\/p>\n<\/p>\n<p>Los Peces permanecen optimistas de que la dolencia es leve, pero Miami no quiere correr riesgos despu\u00e9s de ver a su antesalista titular salir del juego que los venezolanos perdieron 4-2 contra Estados Unidos en el Petco Park de San Diego.<\/p>\n<p>Prado, visto por muchos en la organizaci\u00f3n como el capit\u00e1n del club, se lastim\u00f3 corriendo hacia la primera base despu\u00e9s de pegar un roletazo en la sexta entrada.<\/p>\n<p>Aunque es una figura fija en la antesala de los Marlins, Prado patrull\u00f3 la pradera izquierda en el compromiso del mi\u00e9rcoles.<\/p>\n<p>Con Prado fuera del Cl\u00e1sico Mundial, la interrogante que ahora surge es si el infielder estar\u00e1 listo para el D\u00eda Inaugural, que para Miami ser\u00e1 el 3 de abril contra los Nacionales.<\/p>\n<p>Si Prado pasa a la lista de incapacitados, ser\u00eda por 10 d\u00edas en vez de 15, debido al cambio de una regla para esta campa\u00f1a.<\/p>\n<h6> 2017-03-16 14:17:48 <\/h6>\n<p><!--\n<link rel=\"stylesheet\" href=\"css\/bootstrap.min.css\">\n\n\n<ul class=\"pagination\">\n\t    \n\t\n\n<li >\n\t<a href='?page_no=9353'>Previous<\/a>\n\t<\/li>\n\n\n       \n    \n\n<li><a href='?page_no=1'>1<\/a><\/li>\n\n\n\n<li><a href='?page_no=2'>2<\/a><\/li>\n\n\n\n<li><a>...<\/a><\/li>\n\n\n\n<li><a href='?page_no=9352'>9352<\/a><\/li>\n\n\n\n<li><a href='?page_no=9353'>9353<\/a><\/li>\n\n\n\n<li class='active'><a>9354<\/a><\/li>\n\n\n\n<li><a href='?page_no=9355'>9355<\/a><\/li>\n\n\n\n<li><a href='?page_no=9356'>9356<\/a><\/li>\n\n\n\n<li><a>...<\/a><\/li>\n\n\n\n<li><a href='?page_no=36618'>36618<\/a><\/li>\n\n\n\n<li><a href='?page_no=36619'>36619<\/a><\/li>\n\n    \n\t\n\n<li >\n\t<a href='?page_no=9355'>Next<\/a>\n\t<\/li>\n\n\n    \n\n<li><a href='?page_no=36619'>Last &rsaquo;&rsaquo;<\/a><\/li>\n\n<\/ul>\n\n\n--><br \/>\n<\/body><\/p>\n","protected":false},"excerpt":{"rendered":"<p>JUPITER, 16 de marzo, &#8211; Florida &#8212; Mart\u00edn Prado, quien sufri\u00f3 un tir\u00f3n en la corva derecha jugando por la selecci\u00f3n de Venezuela en el Cl\u00e1sico Mundial de B\u00e9isbol, regresar\u00e1 a los Entrenamientos de Primavera de los Marlins para ser evaluado por los m\u00e9dicos del equipo. Los Peces permanecen optimistas de que la dolencia es [&hellip;]<\/p>\n","protected":false},"author":3,"featured_media":0,"comment_status":"open","ping_status":"open","sticky":false,"template":"","format":"standard","meta":{"footnotes":""},"categories":[17],"tags":[],"class_list":["post-210119","post","type-post","status-publish","format-standard","hentry","category-deportes"],"_links":{"self":[{"href":"https:\/\/diariodominicano.com\/index.php?rest_route=\/wp\/v2\/posts\/210119","targetHints":{"allow":["GET"]}}],"collection":[{"href":"https:\/\/diariodominicano.com\/index.php?rest_route=\/wp\/v2\/posts"}],"about":[{"href":"https:\/\/diariodominicano.com\/index.php?rest_route=\/wp\/v2\/types\/post"}],"author":[{"embeddable":true,"href":"https:\/\/diariodominicano.com\/index.php?rest_route=\/wp\/v2\/users\/3"}],"replies":[{"embeddable":true,"href":"https:\/\/diariodominicano.com\/index.php?rest_route=%2Fwp%2Fv2%2Fcomments&post=210119"}],"version-history":[{"count":0,"href":"https:\/\/diariodominicano.com\/index.php?rest_route=\/wp\/v2\/posts\/210119\/revisions"}],"wp:attachment":[{"href":"https:\/\/diariodominicano.com\/index.php?rest_route=%2Fwp%2Fv2%2Fmedia&parent=210119"}],"wp:term":[{"taxonomy":"category","embeddable":true,"href":"https:\/\/diariodominicano.com\/index.php?rest_route=%2Fwp%2Fv2%2Fcategories&post=210119"},{"taxonomy":"post_tag","embeddable":true,"href":"https:\/\/diariodominicano.com\/index.php?rest_route=%2Fwp%2Fv2%2Ftags&post=210119"}],"curies":[{"name":"wp","href":"https:\/\/api.w.org\/{rel}","templated":true}]}}