{"id":210113,"date":"2017-03-17T08:22:59","date_gmt":"2017-03-17T08:22:59","guid":{"rendered":"http:\/\/diariodominicano.ddns.net\/?p=210113"},"modified":"2017-03-17T08:22:59","modified_gmt":"2017-03-17T08:22:59","slug":"starling-marte-vuelve-al-line-up-de-rd-tras-mejoria-en-el-tobillo","status":"publish","type":"post","link":"https:\/\/diariodominicano.com\/?p=210113","title":{"rendered":"Starling Marte vuelve al line-up de RD tras mejor\u00eda en el tobillo"},"content":{"rendered":"<p><body><\/p>\n<p><img decoding=\"async\" src=\"img3\/starling.jpg\" \/>  <\/p>\n<p>SAN DIEGO, 17 de marzo.- El jardinero Starling Marte, quien hab\u00eda jugado en apenas uno de los primeros cuatro partidos de la Rep\u00fablica Dominicana en el Cl\u00e1sico Mundial de B\u00e9isbol, fue colocado en el lineup del equipo quisqueyano el jueves por el manager Tony Pe\u00f1a para el juego contra Venezuela.<\/p>\n<\/p>\n<p>Marte, guardabosque de los Piratas de Pittsburgh, sufri\u00f3 una dolencia en el tobillo derecho en el segundo de los partidos de exhibici\u00f3n de Dominicana en la Florida durante su preparaci\u00f3n para el Cl\u00e1sico, por lo que se hab\u00eda visto limitado en su tiempo de juego con la selecci\u00f3n de su pa\u00eds.<\/p>\n<\/p>\n<p>\u00abYa se siente bien\u00bb, dijo Pe\u00f1a. \u00abSi se siente bien, yo creo que somos mejor defensivamente con Marte en el (jard\u00edn central).<\/p>\n<\/p>\n<p>Marte fue inscrito como jardinero central y s\u00e9ptimo bate de los dominicanos el jueves. En su \u00fanico encuentro previo al choque vs. Venezuela, Marte bate\u00f3 de 4-3 con un doble, un jonr\u00f3n y dos anotadas en la victoria de Dominicana sobre los Estados Unidos el s\u00e1bado pasado en el Grupo C de Miami.<\/p>\n<\/p>\n<h6> 2017-03-17 08:22:59 <\/h6>\n<p><!--\n<link rel=\"stylesheet\" href=\"css\/bootstrap.min.css\">\n\n\n<ul class=\"pagination\">\n\t    \n\t\n\n<li >\n\t<a href='?page_no=9348'>Previous<\/a>\n\t<\/li>\n\n\n       \n    \n\n<li><a href='?page_no=1'>1<\/a><\/li>\n\n\n\n<li><a href='?page_no=2'>2<\/a><\/li>\n\n\n\n<li><a>...<\/a><\/li>\n\n\n\n<li><a href='?page_no=9347'>9347<\/a><\/li>\n\n\n\n<li><a href='?page_no=9348'>9348<\/a><\/li>\n\n\n\n<li class='active'><a>9349<\/a><\/li>\n\n\n\n<li><a href='?page_no=9350'>9350<\/a><\/li>\n\n\n\n<li><a href='?page_no=9351'>9351<\/a><\/li>\n\n\n\n<li><a>...<\/a><\/li>\n\n\n\n<li><a href='?page_no=36618'>36618<\/a><\/li>\n\n\n\n<li><a href='?page_no=36619'>36619<\/a><\/li>\n\n    \n\t\n\n<li >\n\t<a href='?page_no=9350'>Next<\/a>\n\t<\/li>\n\n\n    \n\n<li><a href='?page_no=36619'>Last &rsaquo;&rsaquo;<\/a><\/li>\n\n<\/ul>\n\n\n--><br \/>\n<\/body><\/p>\n","protected":false},"excerpt":{"rendered":"<p>SAN DIEGO, 17 de marzo.- El jardinero Starling Marte, quien hab\u00eda jugado en apenas uno de los primeros cuatro partidos de la Rep\u00fablica Dominicana en el Cl\u00e1sico Mundial de B\u00e9isbol, fue colocado en el lineup del equipo quisqueyano el jueves por el manager Tony Pe\u00f1a para el juego contra Venezuela. Marte, guardabosque de los Piratas [&hellip;]<\/p>\n","protected":false},"author":3,"featured_media":0,"comment_status":"open","ping_status":"open","sticky":false,"template":"","format":"standard","meta":{"footnotes":""},"categories":[17],"tags":[],"class_list":["post-210113","post","type-post","status-publish","format-standard","hentry","category-deportes"],"_links":{"self":[{"href":"https:\/\/diariodominicano.com\/index.php?rest_route=\/wp\/v2\/posts\/210113","targetHints":{"allow":["GET"]}}],"collection":[{"href":"https:\/\/diariodominicano.com\/index.php?rest_route=\/wp\/v2\/posts"}],"about":[{"href":"https:\/\/diariodominicano.com\/index.php?rest_route=\/wp\/v2\/types\/post"}],"author":[{"embeddable":true,"href":"https:\/\/diariodominicano.com\/index.php?rest_route=\/wp\/v2\/users\/3"}],"replies":[{"embeddable":true,"href":"https:\/\/diariodominicano.com\/index.php?rest_route=%2Fwp%2Fv2%2Fcomments&post=210113"}],"version-history":[{"count":0,"href":"https:\/\/diariodominicano.com\/index.php?rest_route=\/wp\/v2\/posts\/210113\/revisions"}],"wp:attachment":[{"href":"https:\/\/diariodominicano.com\/index.php?rest_route=%2Fwp%2Fv2%2Fmedia&parent=210113"}],"wp:term":[{"taxonomy":"category","embeddable":true,"href":"https:\/\/diariodominicano.com\/index.php?rest_route=%2Fwp%2Fv2%2Fcategories&post=210113"},{"taxonomy":"post_tag","embeddable":true,"href":"https:\/\/diariodominicano.com\/index.php?rest_route=%2Fwp%2Fv2%2Ftags&post=210113"}],"curies":[{"name":"wp","href":"https:\/\/api.w.org\/{rel}","templated":true}]}}