{"id":210111,"date":"2017-03-17T13:54:17","date_gmt":"2017-03-17T13:54:17","guid":{"rendered":"http:\/\/diariodominicano.ddns.net\/?p=210111"},"modified":"2017-03-17T13:54:17","modified_gmt":"2017-03-17T13:54:17","slug":"adrian-beltre-todavia-es-el-rey-de-los-antesalistas-latinos","status":"publish","type":"post","link":"https:\/\/diariodominicano.com\/?p=210111","title":{"rendered":"Adri\u00e1n Beltr\u00e9 todav\u00eda es el rey de los antesalistas latinos"},"content":{"rendered":"<p><body><\/p>\n<p><img decoding=\"async\" src=\"img3\/beltre1280_axkcbqo7_hrumzeyf.jpg\" \/>  <\/p>\n<\/p>\n<\/p>\n<p>Santo Domingo, RD, 17 de marzo, &#8211; Dos de los mejores antesalistas del mundo defienden a la Rep\u00fablica Dominicana en el Cl\u00e1sico Mundial de B\u00e9isbol. Pero aunque uno de ellos, Manny Machado, levant\u00f3 al p\u00fablico de sus asientos, con su asombrosa defensiva ante Venezuela, es el otro, Adri\u00e1n Beltr\u00e9, quien todav\u00eda se mantiene en lo m\u00e1s alto, como el rey de Am\u00e9rica Latina en la posici\u00f3n.<\/p>\n<\/p>\n<p>Las diferencias son m\u00ednimas, ciertamente. Pero Beltr\u00e9 cuenta con un punto a su favor, que permite hacer el desempate: viene de ganar el Guante de Oro en 2016, su quinto en las \u00faltimas 10 campa\u00f1as.<\/p>\n<p>Casi no hay contraste entre ambas estrellas. De hecho, Machado ya suma dos galardones dorados, recibidos en 2013 y 2015, y los n\u00fameros que pusieron ambos en la temporada pasada parecen casi un calco.<\/p>\n<p>Beltr\u00e9 viene de conseguir una l\u00ednea ofensiva de .300\/.358\/.521, con 32 jonrones y 104 carreras empujadas con los Rangers de Texas.<\/p>\n<p>Machado bate\u00f3 para .294\/.343\/.533, con 37 cuadrangulares y 96 impulsadas con los Orioles de Baltimore.<\/p>\n<p>Las semejanzas siguen, conforme se busquen otras cifras.<\/p>\n<p>El de los vigilantes puso un OPS de .879, con 6.4 de WAR y 128 de OPS ajustado. El de los orop\u00e9ndolas dej\u00f3 un OPS de .876, con 6.7 de WAR y 128 de OPS ajustado.<\/p>\n<p>El futuro pertenece a Machado. El californiano de ra\u00edces dominicanas es m\u00e1s joven. A sus 24 a\u00f1os de edad, reci\u00e9n empieza a vivir sus mejores torneos. Ha subido su producci\u00f3n consistentemente en 2015 y 2016.<\/p>\n<p>\u00ab\u00c9l nos eleva con su gran nivel de juego\u00bb, declar\u00f3 su manager Buck Showalter a MLB.com, hace no mucho. \u00abHace jugadas que nadie hace, logra cosas a la ofensiva que pocas personas consiguen. Es dif\u00edcil hacer todo lo que \u00e9l puede hacer\u00bb.<\/p>\n<p>Beltr\u00e9 cumplir\u00e1 38 a\u00f1os de nacido en abril. Est\u00e1 en la \u00faltima parte de su trayectoria, pero sin declinar. Le faltan 5 jonrones para 450, 9 dobletes para 600, 29 remolques para 1.600 y 58 hits para 3.000.<\/p>\n<p>\u00abEs uno de los peloteros m\u00e1s duros que he conocido\u00bb, asegur\u00f3 su piloto Jeff Bannister, tambi\u00e9n para MLB.com. \u00abEs un verdadero campe\u00f3n, un verdadero guerrero. Su personalidad es m\u00e1s bien discreta. Pero los n\u00fameros que ha puesto deber\u00edan llamar la atenci\u00f3n de todos\u00bb.<\/p>\n<p>El deseo de Bannister ser\u00e1 realidad sobre todo el d\u00eda en que su pupilo sea entronizado en el Sal\u00f3n de la Fama. Casi con toda seguridad, eso pasar\u00e1 cinco a\u00f1os despu\u00e9s de su retiro, una fecha todav\u00eda imprecisa, dado su continuo rendimiento.<\/p>\n<p>Machado ser\u00e1 el rey indiscutible para ese momento. Showalter lo tiene claro.<\/p>\n<p>\u00abEs tan dif\u00edcil de hacer lo que \u00e9l hace, y que lo haga a tan temprana edad temprana, que no quiero suponer lo que va a hacer en el futuro\u00bb, expres\u00f3 el timonel de los Orioles. \u00abEs muy durable. Y le gusta jugar b\u00e9isbol\u00bb.<\/p>\n<p>LOS TITULARES<\/p>\n<p>Casi la mitad de los equipos en las Mayores cuentan con un antesalista latinoamericano. Algunos est\u00e1n a prueba, como el venezolano Pablo Sandoval. Otros est\u00e1n consolidados, como su compatriota Mart\u00edn Prado, capit\u00e1n de los Marlins.<\/p>\n<p>Estos son los jugadores del \u00e1rea que empezar\u00e1n la campa\u00f1a como due\u00f1os de la posici\u00f3n:<\/p>\n<p>Adri\u00e1n Beltr\u00e9 (Rep\u00fablica Dominicana, Rangers).<\/p>\n<p>Yunel Escobar (Cuba, Angelinos).<\/p>\n<p>Maikel Franco (Rep\u00fablica Dominicana, Filis).<\/p>\n<p>Adonis Garc\u00eda (Cuba, Bravos).<\/p>\n<p>Manny Machado (Rep\u00fablica Dominicana, Orioles).<\/p>\n<p>Eduardo N\u00fa\u00f1ez (Rep\u00fablica Dominicana, Gigantes).<\/p>\n<p>Mart\u00edn Prado (Venezuela, Marlins).<\/p>\n<p>Jos\u00e9 Ram\u00edrez (Rep\u00fablica Dominicana, Indios).<\/p>\n<p>Pablo Sandoval (Venezuela, Medias Rojas).<\/p>\n<p>Miguel Sano (Rep\u00fablica Dominicana, Mellizos).<\/p>\n<p>Yangervis Solarte (Venezuela, Padres).<\/p>\n<p>Eugenio Su\u00e1rez (Venezuela, Rojos).<\/p>\n<p>TAMBI\u00c9N ASPIRAN<\/p>\n<p>El dominicano Jhonny Peralta ya suma 34 a\u00f1os de edad y 14 temporadas en las Grandes Ligas. Mucho tiempo ha pasado desde que hered\u00f3 las paradas cortas de los Indios de Cleveland, de manos de Omar Vizquel. Ahora es antesalista, aunque no necesariamente comienza como titular en 2017. Depender\u00e1 de \u00e9l mismo y tambi\u00e9n de Jedd Gyorko.<\/p>\n<p>La frecuencia jonronera de Peralta se ha ido reduciendo con el tiempo. Gyorko, en cambio, viene de sacudir 30 cuadrangulares. Con Kolten Wong y Aledmys D\u00edaz en segunda y el short, el manager Mike Matheny terminar\u00e1 d\u00e1ndole m\u00e1s acci\u00f3n a quien batee m\u00e1s.<\/p>\n<p>Con \u00e9l, al menos son dos m\u00e1s los latinos con opci\u00f3n de adue\u00f1arse de la esquina caliente en sus divisas, en 2017:<\/p>\n<p>Renato N\u00fa\u00f1ez (Venezuela, Atl\u00e9ticos).<\/p>\n<p>Jhonny Peralta (Rep\u00fablica Dominicana, Cardenales).<\/p>\n<p>LOS SUPLENTES<\/p>\n<p>El quisqueyano Jos\u00e9 Reyes no tiene lugar en Nueva York, si los Mets cuentan con todas sus piezas a bordo. Pero una de esas piezas, David Wright, vuelve a sufrir problemas f\u00edsicos, la raz\u00f3n que ya le dio la titularidad en tercera base al veloz jugador del cuadro.<\/p>\n<p>Con Reyes hay una docena de peloteros del \u00e1rea, tal vez m\u00e1s, que pasar\u00e1n alg\u00fan tiempo tomando roletazos en esta esquina del infield. Incluso el nativo de Santiago tiene competencia interna, con el venezolano Wilmer Flores, pero parece tener garantizada su titularidad transitoria, mientras Wright est\u00e9 indispuesto.<\/p>\n<p>Estos son los latinoamericanos que saldr\u00e1n de vez en cuando desde la banca a defender el coj\u00edn izquierdo:<\/p>\n<p>Alexi Amarista (Venezuela, Rockies).<\/p>\n<p>Andr\u00e9s Eloy Blanco (Venezuela, Filis).<\/p>\n<p>Wilmer Difo (Rep\u00fablica Dominicana, Nacionales).<\/p>\n<p>Eduardo Escobar (Venezuela, Mellizos).<\/p>\n<p>Wilmer Flores (Venezuela, Mets).<\/p>\n<p>Marwin Gonz\u00e1lez (Venezuela, Astros).<\/p>\n<p>Jefry Mart\u00e9 (Rep\u00fablica Dominicana, \u00c1ngeles).<\/p>\n<p>Hern\u00e1n P\u00e9rez (Venezuela, Cerveceros).<\/p>\n<p>Jos\u00e9 Reyes (Rep\u00fablica Dominicana, Mets).<\/p>\n<p>Miguel Rojas (Venezuela, Marlins).<\/p>\n<p>Ronald Torreyes (Venezuela, Yanquis).<\/p>\n<p>Giovanny Urshela (Colombia, Indios).<\/p>\n<p>M\u00c1S ABAJO<\/p>\n<p>El venezolano Omar Infante gan\u00f3 fama en 2010, cuando se convirti\u00f3 en el primer utility en ser llamado al Juego de Estrellas. Luego vinieron sus mejores momentos, convertido en camarero regular de los Tigres de Detroit y los Reales de Kansas City, antes de que las lesiones y el avance del tiempo le quitaran protagonismo.<\/p>\n<p>Infante busca regresar a las mayores, apelando a su versatilidad. Comenz\u00f3 el Spring Training sin un lugar arriba, aunque ha ganado algunos puntos en los entrenamientos primaverales.<\/p>\n<p>El toletero derecho es uno entre varios ligamenoristas con opci\u00f3n de ganarse un puesto como suplentes de la esquina caliente:<\/p>\n<p>Christian Adames (Rep\u00fablica Dominicana, Rockies).<\/p>\n<p>Juan Francisco (Rep\u00fablica Dominicana, Orioles).<\/p>\n<p>Omar Infante (Venezuela, Tigres).<\/p>\n<p>Dixon Machado (Venezuela, Tigres).<\/p>\n<p>Gregorio Petit (Venezuela, Azulejos).<\/p>\n<p>Yadiel Rivera (Puerto Rico, Cerveceros).<\/p>\n<p>LA PR\u00d3XIMA OLA<\/p>\n<p>Una brillante generaci\u00f3n de relevo viene form\u00e1ndose en la regi\u00f3n. Tres de los primeros siete prospectos de la antesala, seg\u00fan MLB Pipeline, nacieron en el \u00e1rea, sin contar con los varios estadounidenses de ra\u00edces latinas que les acompa\u00f1an.<\/p>\n<p>El grupo est\u00e1 encabezado por Rafael Devers, quien tiene 20 a\u00f1os de edad y posee, seg\u00fan los scouts, la capacidad para batear con fuerza y contacto. Incluye a Vladimir Guerrero Jr., un hijo de gato que comparte con su padre, al parecer, la coordinaci\u00f3n ojo-manos y la velocidad del swing. Hasta podr\u00eda abarcar al cubano Yo\u00e1n Moncada, a quien los Medias Rojas de Boston llegaron a imaginar ocupando ese lugar del Fenway Park, pero a quien ahora los Medias Blancas de Chicago empiezan a abrirle espacio en la intermedia.<\/p>\n<p>Este es un r\u00e1pido repaso a la pr\u00f3xima promoci\u00f3n:<\/p>\n<p>Hanser Alberto (Rep\u00fablica Dominicana, Rangers).<\/p>\n<p>Miguel And\u00fajar (Rep\u00fablica Dominicana, Yanquis).<\/p>\n<p>Rafael Devers (Rep\u00fablica Dominicana, Medias Rojas).<\/p>\n<p>Eric Gonz\u00e1lez (Rep\u00fablica Dominicana, Indios).<\/p>\n<p>Vladimir Guerrero (Rep\u00fablica Dominicana, Azulejos).<\/p>\n<p>Yo\u00e1n Moncada (Cuba, Medias Blancas).<\/p>\n<p>Breyvic Valera (Venezuela, Cardenales).<\/p>\n<h6> 2017-03-17 13:54:17 <\/h6>\n<p><!--\n<link rel=\"stylesheet\" href=\"css\/bootstrap.min.css\">\n\n\n<ul class=\"pagination\">\n\t    \n\t\n\n<li >\n\t<a href='?page_no=9346'>Previous<\/a>\n\t<\/li>\n\n\n       \n    \n\n<li><a href='?page_no=1'>1<\/a><\/li>\n\n\n\n<li><a href='?page_no=2'>2<\/a><\/li>\n\n\n\n<li><a>...<\/a><\/li>\n\n\n\n<li><a href='?page_no=9345'>9345<\/a><\/li>\n\n\n\n<li><a href='?page_no=9346'>9346<\/a><\/li>\n\n\n\n<li class='active'><a>9347<\/a><\/li>\n\n\n\n<li><a href='?page_no=9348'>9348<\/a><\/li>\n\n\n\n<li><a href='?page_no=9349'>9349<\/a><\/li>\n\n\n\n<li><a>...<\/a><\/li>\n\n\n\n<li><a href='?page_no=36618'>36618<\/a><\/li>\n\n\n\n<li><a href='?page_no=36619'>36619<\/a><\/li>\n\n    \n\t\n\n<li >\n\t<a href='?page_no=9348'>Next<\/a>\n\t<\/li>\n\n\n    \n\n<li><a href='?page_no=36619'>Last &rsaquo;&rsaquo;<\/a><\/li>\n\n<\/ul>\n\n\n--><br \/>\n<\/body><\/p>\n","protected":false},"excerpt":{"rendered":"<p>Santo Domingo, RD, 17 de marzo, &#8211; Dos de los mejores antesalistas del mundo defienden a la Rep\u00fablica Dominicana en el Cl\u00e1sico Mundial de B\u00e9isbol. Pero aunque uno de ellos, Manny Machado, levant\u00f3 al p\u00fablico de sus asientos, con su asombrosa defensiva ante Venezuela, es el otro, Adri\u00e1n Beltr\u00e9, quien todav\u00eda se mantiene en lo [&hellip;]<\/p>\n","protected":false},"author":3,"featured_media":0,"comment_status":"open","ping_status":"open","sticky":false,"template":"","format":"standard","meta":{"footnotes":""},"categories":[17],"tags":[],"class_list":["post-210111","post","type-post","status-publish","format-standard","hentry","category-deportes"],"_links":{"self":[{"href":"https:\/\/diariodominicano.com\/index.php?rest_route=\/wp\/v2\/posts\/210111","targetHints":{"allow":["GET"]}}],"collection":[{"href":"https:\/\/diariodominicano.com\/index.php?rest_route=\/wp\/v2\/posts"}],"about":[{"href":"https:\/\/diariodominicano.com\/index.php?rest_route=\/wp\/v2\/types\/post"}],"author":[{"embeddable":true,"href":"https:\/\/diariodominicano.com\/index.php?rest_route=\/wp\/v2\/users\/3"}],"replies":[{"embeddable":true,"href":"https:\/\/diariodominicano.com\/index.php?rest_route=%2Fwp%2Fv2%2Fcomments&post=210111"}],"version-history":[{"count":0,"href":"https:\/\/diariodominicano.com\/index.php?rest_route=\/wp\/v2\/posts\/210111\/revisions"}],"wp:attachment":[{"href":"https:\/\/diariodominicano.com\/index.php?rest_route=%2Fwp%2Fv2%2Fmedia&parent=210111"}],"wp:term":[{"taxonomy":"category","embeddable":true,"href":"https:\/\/diariodominicano.com\/index.php?rest_route=%2Fwp%2Fv2%2Fcategories&post=210111"},{"taxonomy":"post_tag","embeddable":true,"href":"https:\/\/diariodominicano.com\/index.php?rest_route=%2Fwp%2Fv2%2Ftags&post=210111"}],"curies":[{"name":"wp","href":"https:\/\/api.w.org\/{rel}","templated":true}]}}