{"id":210108,"date":"2017-03-17T14:04:31","date_gmt":"2017-03-17T14:04:31","guid":{"rendered":"http:\/\/diariodominicano.ddns.net\/?p=210108"},"modified":"2017-03-17T14:04:31","modified_gmt":"2017-03-17T14:04:31","slug":"federer-nishikori-posible-semifinal-de-cita-tenistica-de-indian-wells","status":"publish","type":"post","link":"https:\/\/diariodominicano.com\/?p=210108","title":{"rendered":"Federer-Nishikori posible semifinal de cita ten\u00edstica de Indian Wells"},"content":{"rendered":"<p><body><\/p>\n<p><img decoding=\"async\" src=\"img3\/Tenis.jpg\" \/>  <\/p>\n<p>Indian Wells, Estados Unidos, 17 mar (PL) El suizo Roger Federer y el japon\u00e9s Kei Nishikori podr\u00edan protagonizar uno de los partidos semifinales de salir airosos hoy en sus respectivos enfrentamientos de cuartos del torneo ten\u00edstico de Indian Wells.<\/p>\n<\/p>\n<p>Preclasificado n\u00famero nueve del certamen, Federer se medir\u00e1 esta jornada ante el australiano Nick Kyrgios (15), en tanto que Nishikori (cuarto) buscar\u00e1 avanzar frente al estadounidense Jack Sock (17).<\/p>\n<\/p>\n<p>El jugador helv\u00e9tico arrib\u00f3 a esta fase al derrotar por 6-2 y 6-3 a uno de los favoritos, el espa\u00f1ol Rafael Nadal (quinto), mientras que el nip\u00f3n super\u00f3 por 6-2 y 6-4 al tambi\u00e9n norteamericano Donald Young.<\/p>\n<\/p>\n<p>Este jueves qued\u00f3 conformado el primer duelo semifinal tras resultar victoriosos el suizo Stan Wawrinka (tercero) y el espa\u00f1ol Pablo Carre\u00f1o sobre el austr\u00edaco Dominic Thiem (octavo) por 6-4, 4-6 y 7-6 (7\/2) y el uruguayo Pablo Cuevas por 6-1, 3-6 y 7-6 (7\/4), respectivamente.<\/p>\n<h6> 2017-03-17 14:04:31 <\/h6>\n<p><!--\n<link rel=\"stylesheet\" href=\"css\/bootstrap.min.css\">\n\n\n<ul class=\"pagination\">\n\t    \n\t\n\n<li >\n\t<a href='?page_no=9343'>Previous<\/a>\n\t<\/li>\n\n\n       \n    \n\n<li><a href='?page_no=1'>1<\/a><\/li>\n\n\n\n<li><a href='?page_no=2'>2<\/a><\/li>\n\n\n\n<li><a>...<\/a><\/li>\n\n\n\n<li><a href='?page_no=9342'>9342<\/a><\/li>\n\n\n\n<li><a href='?page_no=9343'>9343<\/a><\/li>\n\n\n\n<li class='active'><a>9344<\/a><\/li>\n\n\n\n<li><a href='?page_no=9345'>9345<\/a><\/li>\n\n\n\n<li><a href='?page_no=9346'>9346<\/a><\/li>\n\n\n\n<li><a>...<\/a><\/li>\n\n\n\n<li><a href='?page_no=36618'>36618<\/a><\/li>\n\n\n\n<li><a href='?page_no=36619'>36619<\/a><\/li>\n\n    \n\t\n\n<li >\n\t<a href='?page_no=9345'>Next<\/a>\n\t<\/li>\n\n\n    \n\n<li><a href='?page_no=36619'>Last &rsaquo;&rsaquo;<\/a><\/li>\n\n<\/ul>\n\n\n--><br \/>\n<\/body><\/p>\n","protected":false},"excerpt":{"rendered":"<p>Indian Wells, Estados Unidos, 17 mar (PL) El suizo Roger Federer y el japon\u00e9s Kei Nishikori podr\u00edan protagonizar uno de los partidos semifinales de salir airosos hoy en sus respectivos enfrentamientos de cuartos del torneo ten\u00edstico de Indian Wells. Preclasificado n\u00famero nueve del certamen, Federer se medir\u00e1 esta jornada ante el australiano Nick Kyrgios (15), [&hellip;]<\/p>\n","protected":false},"author":3,"featured_media":0,"comment_status":"open","ping_status":"open","sticky":false,"template":"","format":"standard","meta":{"footnotes":""},"categories":[17],"tags":[],"class_list":["post-210108","post","type-post","status-publish","format-standard","hentry","category-deportes"],"_links":{"self":[{"href":"https:\/\/diariodominicano.com\/index.php?rest_route=\/wp\/v2\/posts\/210108","targetHints":{"allow":["GET"]}}],"collection":[{"href":"https:\/\/diariodominicano.com\/index.php?rest_route=\/wp\/v2\/posts"}],"about":[{"href":"https:\/\/diariodominicano.com\/index.php?rest_route=\/wp\/v2\/types\/post"}],"author":[{"embeddable":true,"href":"https:\/\/diariodominicano.com\/index.php?rest_route=\/wp\/v2\/users\/3"}],"replies":[{"embeddable":true,"href":"https:\/\/diariodominicano.com\/index.php?rest_route=%2Fwp%2Fv2%2Fcomments&post=210108"}],"version-history":[{"count":0,"href":"https:\/\/diariodominicano.com\/index.php?rest_route=\/wp\/v2\/posts\/210108\/revisions"}],"wp:attachment":[{"href":"https:\/\/diariodominicano.com\/index.php?rest_route=%2Fwp%2Fv2%2Fmedia&parent=210108"}],"wp:term":[{"taxonomy":"category","embeddable":true,"href":"https:\/\/diariodominicano.com\/index.php?rest_route=%2Fwp%2Fv2%2Fcategories&post=210108"},{"taxonomy":"post_tag","embeddable":true,"href":"https:\/\/diariodominicano.com\/index.php?rest_route=%2Fwp%2Fv2%2Ftags&post=210108"}],"curies":[{"name":"wp","href":"https:\/\/api.w.org\/{rel}","templated":true}]}}