{"id":210094,"date":"2017-03-18T15:11:51","date_gmt":"2017-03-18T15:11:51","guid":{"rendered":"http:\/\/diariodominicano.ddns.net\/?p=210094"},"modified":"2017-03-18T15:11:51","modified_gmt":"2017-03-18T15:11:51","slug":"mozeliak-cardenales-dispuestos-a-negociar-extension-con-yadier-molina","status":"publish","type":"post","link":"https:\/\/diariodominicano.com\/?p=210094","title":{"rendered":"Mozeliak: Cardenales dispuestos a negociar extensi\u00f3n con Yadier Molina"},"content":{"rendered":"<p><body><\/p>\n<p><img decoding=\"async\" src=\"img3\/yadi_v6kmu8fz_ff3kdsm7.jpg\" \/>  <\/p>\n<\/p>\n<p>PORT ST. LUCIE, Florida, 18 de marzo &#8211; El puertorrique\u00f1o Yadier Molina est\u00e1 en el umbral de la \u00faltima temporada que le garantiza la extensi\u00f3n de contrato que firm\u00f3 con los Cardenales en el 2012 y, aunque dicho convenio incluye una opci\u00f3n mutua de US$15 millones para el 2018, no es un hecho que el receptor boricua la ejercer\u00e1.<\/p>\n<\/p>\n<p>Por lo tanto, el futuro de Molina luce incierto y su hermano mayor, Bengie, hizo comentarios al respecto en una entrevista por MLB Network Radio esta semana. Bengie dijo que Yadier y los Cardenales no est\u00e1n cerca de acordar una nueva extensi\u00f3n de contrato e incluso insinu\u00f3 que es posible su hermano no ejerza su opci\u00f3n para el 2018.<\/p>\n<p>\u00abSe la pasa dici\u00e9ndome, &#8216;Quiero retirarme con los Cardenales'\u00bb, dijo Bengie, quien fungi\u00f3 como coach de bateo auxiliar de San Luis por una temporada. \u00abPero recuerden esto: Yadi Molina no es Bengie Molina. Yadier Molina no es Jos\u00e9 Molina. Ver\u00e1n que \u00e9l no pasa nada por alto. Y no le dar\u00e1 temor marcharse.<\/p>\n<p>\u00abCreo es una l\u00e1stima, algo triste, que a estas alturas los Cardenales no hayan llegado a nada con \u00e9l y que &#8211; y esto es lo que m\u00e1s me duele &#8211; lo est\u00e9n pensando. Ni siquiera est\u00e1n cerca. \u00a1Vamos, hombre!\u00bb.<\/p>\n<p>El gerente general del club, John Mozeliak, dijo el viernes que los Cardenales est\u00e1n dispuestos a entablar conversaciones con Molina sobre una extensi\u00f3n y ha dejado claro que preferir\u00eda que el astro puertorrique\u00f1o termin\u00e9 su carrera con San Luis.<\/p>\n<p>Pero como demostr\u00f3 en el 2011, cuando permiti\u00f3 el dominicano Albert Pujols se marchara como agente libre, Mozeliak no se dejar\u00e1 llevar por el sentimentalismo.<\/p>\n<p>\u00abEs como cualquier otra [negociaci\u00f3n]\u00bb, dijo Mozeliak. \u00abUno trata de hacer lo mejor para la organizaci\u00f3n. Se estudia a corto y largo plazo. Yadi ha significado mucho para esta organizaci\u00f3n durante mucho tiempo y queremos asegurarnos de que, pase lo pase, hagamos lo mejor para todas las partes\u00bb.<\/p>\n<p>El asunto luce m\u00e1s complicado ante la presencia del prospecto #2 de San Luis, el c\u00e1tcher Carson Kelly, quien el a\u00f1o pasado fue ascendido a Triple-A Memphis, donde bate\u00f3 .292.<\/p>\n<p>Mozeliak agreg\u00f3 que los Cardenales no est\u00e1n ansiosos por completar negociaciones antes de que terminen los entrenamientos primaverales y puso a Chris Carpenter y a Lance Berkman como ejemplos de jugadores que han firmado extensiones con San Luis en el transcurso de la temporada regular.<\/p>\n<p>De su parte, Bengie dijo que a su hermano, quien se ha ausentado del campamento de los Cardenales durante las \u00faltimas dos semanas debido al Cl\u00e1sico Mundial de B\u00e9isbol, le gustar\u00eda disputar tres o cuatro campa\u00f1as m\u00e1s en Grandes Ligas despu\u00e9s del 2017. Yadier Molina cumplir\u00e1 35 a\u00f1os de edad en julio.<\/p>\n<p>\u00abMe molesta la manera en que los Cardenales se han alejado de \u00e9l\u00bb, dijo Bengie. \u00abNo est\u00e1 pidiendo siete a\u00f1os, ni 10 a\u00f1os, ni US$200 millones. Est\u00e1 pidiendo tres a\u00f1os, a lo m\u00ednimo, en su ciudad, donde ha sudado mucho con esa camiseta. Se ha entregado de lleno a esa camiseta durante toda su carrera desde que estaba en ligas menores.<\/p>\n<p>\u00ab\u00bfC\u00f3mo no querer retener a este muchacho? Hombre, es un l\u00edder. Es un muchacho que puede ayudar y cuidar a tus receptores. Un muchacho que se encarga de los pitchers y les ense\u00f1a muchas cosas. \u00bfNo quieren permitirle que termine su carrera [en San Luis] en tres a\u00f1os m\u00e1s o lo que quiera? Simplemente quiere ser el receptor mejor pagado\u00bb.<\/p>\n<h6> 2017-03-18 15:11:51 <\/h6>\n<p><!--\n<link rel=\"stylesheet\" href=\"css\/bootstrap.min.css\">\n\n\n<ul class=\"pagination\">\n\t    \n\t\n\n<li >\n\t<a href='?page_no=9330'>Previous<\/a>\n\t<\/li>\n\n\n       \n    \n\n<li><a href='?page_no=1'>1<\/a><\/li>\n\n\n\n<li><a href='?page_no=2'>2<\/a><\/li>\n\n\n\n<li><a>...<\/a><\/li>\n\n\n\n<li><a href='?page_no=9329'>9329<\/a><\/li>\n\n\n\n<li><a href='?page_no=9330'>9330<\/a><\/li>\n\n\n\n<li class='active'><a>9331<\/a><\/li>\n\n\n\n<li><a href='?page_no=9332'>9332<\/a><\/li>\n\n\n\n<li><a href='?page_no=9333'>9333<\/a><\/li>\n\n\n\n<li><a>...<\/a><\/li>\n\n\n\n<li><a href='?page_no=36618'>36618<\/a><\/li>\n\n\n\n<li><a href='?page_no=36619'>36619<\/a><\/li>\n\n    \n\t\n\n<li >\n\t<a href='?page_no=9332'>Next<\/a>\n\t<\/li>\n\n\n    \n\n<li><a href='?page_no=36619'>Last &rsaquo;&rsaquo;<\/a><\/li>\n\n<\/ul>\n\n\n--><br \/>\n<\/body><\/p>\n","protected":false},"excerpt":{"rendered":"<p>PORT ST. LUCIE, Florida, 18 de marzo &#8211; El puertorrique\u00f1o Yadier Molina est\u00e1 en el umbral de la \u00faltima temporada que le garantiza la extensi\u00f3n de contrato que firm\u00f3 con los Cardenales en el 2012 y, aunque dicho convenio incluye una opci\u00f3n mutua de US$15 millones para el 2018, no es un hecho que el [&hellip;]<\/p>\n","protected":false},"author":3,"featured_media":0,"comment_status":"open","ping_status":"open","sticky":false,"template":"","format":"standard","meta":{"footnotes":""},"categories":[17],"tags":[],"class_list":["post-210094","post","type-post","status-publish","format-standard","hentry","category-deportes"],"_links":{"self":[{"href":"https:\/\/diariodominicano.com\/index.php?rest_route=\/wp\/v2\/posts\/210094","targetHints":{"allow":["GET"]}}],"collection":[{"href":"https:\/\/diariodominicano.com\/index.php?rest_route=\/wp\/v2\/posts"}],"about":[{"href":"https:\/\/diariodominicano.com\/index.php?rest_route=\/wp\/v2\/types\/post"}],"author":[{"embeddable":true,"href":"https:\/\/diariodominicano.com\/index.php?rest_route=\/wp\/v2\/users\/3"}],"replies":[{"embeddable":true,"href":"https:\/\/diariodominicano.com\/index.php?rest_route=%2Fwp%2Fv2%2Fcomments&post=210094"}],"version-history":[{"count":0,"href":"https:\/\/diariodominicano.com\/index.php?rest_route=\/wp\/v2\/posts\/210094\/revisions"}],"wp:attachment":[{"href":"https:\/\/diariodominicano.com\/index.php?rest_route=%2Fwp%2Fv2%2Fmedia&parent=210094"}],"wp:term":[{"taxonomy":"category","embeddable":true,"href":"https:\/\/diariodominicano.com\/index.php?rest_route=%2Fwp%2Fv2%2Fcategories&post=210094"},{"taxonomy":"post_tag","embeddable":true,"href":"https:\/\/diariodominicano.com\/index.php?rest_route=%2Fwp%2Fv2%2Ftags&post=210094"}],"curies":[{"name":"wp","href":"https:\/\/api.w.org\/{rel}","templated":true}]}}