{"id":210093,"date":"2017-03-18T15:16:47","date_gmt":"2017-03-18T15:16:47","guid":{"rendered":"http:\/\/diariodominicano.ddns.net\/?p=210093"},"modified":"2017-03-18T15:16:47","modified_gmt":"2017-03-18T15:16:47","slug":"los-marlins-aun-no-saben-cuando-podra-volver-martin-prado","status":"publish","type":"post","link":"https:\/\/diariodominicano.com\/?p=210093","title":{"rendered":"Los Marlins a\u00fan no saben cu\u00e1ndo podr\u00e1 volver Mart\u00edn Prado"},"content":{"rendered":"<p><body><\/p>\n<p><img decoding=\"async\" src=\"img3\/mlbf_1239670083_th_45.jpg\" \/>  <\/p>\n<\/p>\n<p><span class=\"text1noticias\">JUPITER, Florida, 18 de marzo, &#8211; Los Marlins de Miami siguen esperando para conocer el grado de la lesi\u00f3n de muslo que sufri\u00f3 su antesalista Mart\u00edn Prado, de quien no se sabe si estar\u00e1 disponible para el juego inaugural de la temporada.<\/span><\/p>\n<\/p>\n<p><span class=\"text1noticias\">Prado se lastim\u00f3 durante un encuentro con la selecci\u00f3n de Venezuela en el Cl\u00e1sico Mundial de B\u00e9isbol, al correr tras un rodado en el sexto inning del encuentro del mi\u00e9rcoles. Estados Unidos derrot\u00f3 a Venezuela en ese compromiso.<\/span><\/p>\n<p><span class=\"text1noticias\">De inmediato, Prado abandon\u00f3 el duelo y no volvi\u00f3.<\/span><\/p>\n<p><span class=\"text1noticias\">\u00abOjal\u00e1 que sea (un tir\u00f3n de) primer grado, y que podamos seguir y tenerlo listo, pero tendremos que esperar y ver\u00bb, indic\u00f3 el viernes el manager de los Marlins, Don Mattingly.<\/span><\/p>\n<p><span class=\"text1noticias\">Prado ten\u00eda previsto volar de San Diego al complejo de entrenamiento de pretemporada de los Marlins. Se someter\u00eda este s\u00e1bado a una prueba de resonancia magn\u00e9tica.<\/span><\/p>\n<p><span class=\"text1noticias\">En ese momento, los m\u00e9dicos de los Marlins ver\u00e1n los resultados \u00aby tomar\u00e1n una decisi\u00f3n, con base en lo que piensen\u00bb, coment\u00f3 Mattingly.<\/span><\/p>\n<p><span class=\"text1noticias\">Tres de los siete hits de Prado durante 19 turnos en el Cl\u00e1sico fueron dobletes.<\/span><\/p>\n<p><span class=\"text1noticias\">El tercera base, quien ostenta un promedio de .293 durante 10 temporadas en las Grandes Ligas, bate\u00f3 para .305 y produjo 75 carreras con los Marlins la temporada anterior.<\/span><\/p>\n<p><span class=\"text1noticias\">\u00abDesde luego, es el tend\u00f3n de la corva\u00bb, dijo Mattingly. \u00abEstas cosas toman algo de tiempo\u00bb.<\/span><\/p>\n<p><span class=\"text1noticias\">Mattingly y los Marlins lidiaban ya con una lesi\u00f3n similar en su campamento.<\/span><\/p>\n<p><span class=\"text1noticias\">El receptor A.J. Ellis se lastim\u00f3 a finales de febrero.<\/span><\/p>\n<p><span class=\"text1noticias\">Si Prado se pierde juegos de la campa\u00f1a, los Marlins recurrir\u00edan a su compatriota Miguel Rojas o a Derek Dietrich, quienes se quedar\u00edan en la n\u00f3mina de 25 peloteros al concluir la pretemporada. Rojas jug\u00f3 16 encuentros en esa posici\u00f3n durante la campa\u00f1a anterior, s\u00f3lo uno de inicio.<\/span><\/p>\n<p><span class=\"text1noticias\">Dietrich fue antesalista durante siete juegos en 2016. En total, ha aparecido 13 veces en la tercera almohadilla.<\/span><\/p>\n<p><span class=\"text1noticias\">Rojas, quien bate\u00f3 para .247 con Miami el a\u00f1o pasado, se fue de 1-0 con un boleto el viernes, como tercera base ante Washington.<\/span><\/p>\n<\/p>\n<h6> 2017-03-18 15:16:47 <\/h6>\n<p><!--\n<link rel=\"stylesheet\" href=\"css\/bootstrap.min.css\">\n\n\n<ul class=\"pagination\">\n\t    \n\t\n\n<li >\n\t<a href='?page_no=9329'>Previous<\/a>\n\t<\/li>\n\n\n       \n    \n\n<li><a href='?page_no=1'>1<\/a><\/li>\n\n\n\n<li><a href='?page_no=2'>2<\/a><\/li>\n\n\n\n<li><a>...<\/a><\/li>\n\n\n\n<li><a href='?page_no=9328'>9328<\/a><\/li>\n\n\n\n<li><a href='?page_no=9329'>9329<\/a><\/li>\n\n\n\n<li class='active'><a>9330<\/a><\/li>\n\n\n\n<li><a href='?page_no=9331'>9331<\/a><\/li>\n\n\n\n<li><a href='?page_no=9332'>9332<\/a><\/li>\n\n\n\n<li><a>...<\/a><\/li>\n\n\n\n<li><a href='?page_no=36618'>36618<\/a><\/li>\n\n\n\n<li><a href='?page_no=36619'>36619<\/a><\/li>\n\n    \n\t\n\n<li >\n\t<a href='?page_no=9331'>Next<\/a>\n\t<\/li>\n\n\n    \n\n<li><a href='?page_no=36619'>Last &rsaquo;&rsaquo;<\/a><\/li>\n\n<\/ul>\n\n\n--><br \/>\n<\/body><\/p>\n","protected":false},"excerpt":{"rendered":"<p>JUPITER, Florida, 18 de marzo, &#8211; Los Marlins de Miami siguen esperando para conocer el grado de la lesi\u00f3n de muslo que sufri\u00f3 su antesalista Mart\u00edn Prado, de quien no se sabe si estar\u00e1 disponible para el juego inaugural de la temporada. Prado se lastim\u00f3 durante un encuentro con la selecci\u00f3n de Venezuela en el [&hellip;]<\/p>\n","protected":false},"author":3,"featured_media":0,"comment_status":"open","ping_status":"open","sticky":false,"template":"","format":"standard","meta":{"footnotes":""},"categories":[17],"tags":[],"class_list":["post-210093","post","type-post","status-publish","format-standard","hentry","category-deportes"],"_links":{"self":[{"href":"https:\/\/diariodominicano.com\/index.php?rest_route=\/wp\/v2\/posts\/210093","targetHints":{"allow":["GET"]}}],"collection":[{"href":"https:\/\/diariodominicano.com\/index.php?rest_route=\/wp\/v2\/posts"}],"about":[{"href":"https:\/\/diariodominicano.com\/index.php?rest_route=\/wp\/v2\/types\/post"}],"author":[{"embeddable":true,"href":"https:\/\/diariodominicano.com\/index.php?rest_route=\/wp\/v2\/users\/3"}],"replies":[{"embeddable":true,"href":"https:\/\/diariodominicano.com\/index.php?rest_route=%2Fwp%2Fv2%2Fcomments&post=210093"}],"version-history":[{"count":0,"href":"https:\/\/diariodominicano.com\/index.php?rest_route=\/wp\/v2\/posts\/210093\/revisions"}],"wp:attachment":[{"href":"https:\/\/diariodominicano.com\/index.php?rest_route=%2Fwp%2Fv2%2Fmedia&parent=210093"}],"wp:term":[{"taxonomy":"category","embeddable":true,"href":"https:\/\/diariodominicano.com\/index.php?rest_route=%2Fwp%2Fv2%2Fcategories&post=210093"},{"taxonomy":"post_tag","embeddable":true,"href":"https:\/\/diariodominicano.com\/index.php?rest_route=%2Fwp%2Fv2%2Ftags&post=210093"}],"curies":[{"name":"wp","href":"https:\/\/api.w.org\/{rel}","templated":true}]}}