{"id":210090,"date":"2017-03-18T15:26:49","date_gmt":"2017-03-18T15:26:49","guid":{"rendered":"http:\/\/diariodominicano.ddns.net\/?p=210090"},"modified":"2017-03-18T15:26:49","modified_gmt":"2017-03-18T15:26:49","slug":"venezolanos-disputaran-final-de-liga-de-las-americas-de-baloncesto","status":"publish","type":"post","link":"https:\/\/diariodominicano.com\/?p=210090","title":{"rendered":"Venezolanos disputar\u00e1n final de Liga de Las Am\u00e9ricas de Baloncesto"},"content":{"rendered":"<p><body><\/p>\n<\/p>\n<\/p>\n<\/p>\n<p>Caracas, 18 mar (PL) El equipo venezolano Guaros de Lara disputar\u00e1 hoy la final de la Liga de Las Am\u00e9ricas de Baloncesto frente al Weber Bah\u00eda de Argentina en el Domo Bolivariano de la ciudad de Barquisimeto.<\/p>\n<\/p>\n<p>Los locales obtuvieron el derecho a participar en la gran final tras vencer anoche a Leones de Ponce, de Puerto Rico, con pizarra de 100-87, en un encuentro en el cual Zachary Graham encest\u00f3 27 puntos por los Guaros, mientras V\u00edctor Liz llev\u00f3 la voz cantante por los boricuas con 25.<\/p>\n<\/p>\n<p>Este s\u00e1bado los larenses saldr\u00e1n a defender su condici\u00f3n de campeones de la Final Four de la Federaci\u00f3n Internacional de Baloncesto (Fiba Am\u00e9ricas) 2016 contra los argentinos, quienes llegaron a esta etapa tras derrotar al conjunto Fuerza Regia de M\u00e9xico.<\/p>\n<\/p>\n<p>Seg\u00fan Jorge Arrieta, el director t\u00e9cnico de los morochos, en el tope definitorio su equipo desplegar\u00e1 un planteamiento defensivo y ofensivo parecido al empleado la v\u00edspera contra el fuerte equipo de Puerto Rico<\/p>\n<h6> 2017-03-18 15:26:49 <\/h6>\n<p><!--\n<link rel=\"stylesheet\" href=\"css\/bootstrap.min.css\">\n\n\n<ul class=\"pagination\">\n\t    \n\t\n\n<li >\n\t<a href='?page_no=9327'>Previous<\/a>\n\t<\/li>\n\n\n       \n    \n\n<li><a href='?page_no=1'>1<\/a><\/li>\n\n\n\n<li><a href='?page_no=2'>2<\/a><\/li>\n\n\n\n<li><a>...<\/a><\/li>\n\n\n\n<li><a href='?page_no=9326'>9326<\/a><\/li>\n\n\n\n<li><a href='?page_no=9327'>9327<\/a><\/li>\n\n\n\n<li class='active'><a>9328<\/a><\/li>\n\n\n\n<li><a href='?page_no=9329'>9329<\/a><\/li>\n\n\n\n<li><a href='?page_no=9330'>9330<\/a><\/li>\n\n\n\n<li><a>...<\/a><\/li>\n\n\n\n<li><a href='?page_no=36618'>36618<\/a><\/li>\n\n\n\n<li><a href='?page_no=36619'>36619<\/a><\/li>\n\n    \n\t\n\n<li >\n\t<a href='?page_no=9329'>Next<\/a>\n\t<\/li>\n\n\n    \n\n<li><a href='?page_no=36619'>Last &rsaquo;&rsaquo;<\/a><\/li>\n\n<\/ul>\n\n\n--><br \/>\n<\/body><\/p>\n","protected":false},"excerpt":{"rendered":"<p>Caracas, 18 mar (PL) El equipo venezolano Guaros de Lara disputar\u00e1 hoy la final de la Liga de Las Am\u00e9ricas de Baloncesto frente al Weber Bah\u00eda de Argentina en el Domo Bolivariano de la ciudad de Barquisimeto. Los locales obtuvieron el derecho a participar en la gran final tras vencer anoche a Leones de Ponce, [&hellip;]<\/p>\n","protected":false},"author":3,"featured_media":0,"comment_status":"open","ping_status":"open","sticky":false,"template":"","format":"standard","meta":{"footnotes":""},"categories":[17],"tags":[],"class_list":["post-210090","post","type-post","status-publish","format-standard","hentry","category-deportes"],"_links":{"self":[{"href":"https:\/\/diariodominicano.com\/index.php?rest_route=\/wp\/v2\/posts\/210090","targetHints":{"allow":["GET"]}}],"collection":[{"href":"https:\/\/diariodominicano.com\/index.php?rest_route=\/wp\/v2\/posts"}],"about":[{"href":"https:\/\/diariodominicano.com\/index.php?rest_route=\/wp\/v2\/types\/post"}],"author":[{"embeddable":true,"href":"https:\/\/diariodominicano.com\/index.php?rest_route=\/wp\/v2\/users\/3"}],"replies":[{"embeddable":true,"href":"https:\/\/diariodominicano.com\/index.php?rest_route=%2Fwp%2Fv2%2Fcomments&post=210090"}],"version-history":[{"count":0,"href":"https:\/\/diariodominicano.com\/index.php?rest_route=\/wp\/v2\/posts\/210090\/revisions"}],"wp:attachment":[{"href":"https:\/\/diariodominicano.com\/index.php?rest_route=%2Fwp%2Fv2%2Fmedia&parent=210090"}],"wp:term":[{"taxonomy":"category","embeddable":true,"href":"https:\/\/diariodominicano.com\/index.php?rest_route=%2Fwp%2Fv2%2Fcategories&post=210090"},{"taxonomy":"post_tag","embeddable":true,"href":"https:\/\/diariodominicano.com\/index.php?rest_route=%2Fwp%2Fv2%2Ftags&post=210090"}],"curies":[{"name":"wp","href":"https:\/\/api.w.org\/{rel}","templated":true}]}}