{"id":210076,"date":"2017-03-20T14:30:02","date_gmt":"2017-03-20T14:30:02","guid":{"rendered":"http:\/\/diariodominicano.ddns.net\/?p=210076"},"modified":"2017-03-20T14:30:02","modified_gmt":"2017-03-20T14:30:02","slug":"roger-federer-celebra-titulo-90-como-jugador-profesional","status":"publish","type":"post","link":"https:\/\/diariodominicano.com\/?p=210076","title":{"rendered":"Roger Federer celebra t\u00edtulo 90 como jugador profesional"},"content":{"rendered":"<p><body><\/p>\n<p><img decoding=\"async\" src=\"img3\/Roger-Federer.jpg\" \/>  <\/p>\n<p><span class=\"text1noticias\">Indian Wells, Estados Unidos, 20 mar (PL) El tenista suizo Roger Federer celebra hoy la obtenci\u00f3n del t\u00edtulo 90 de su carrera profesional tras imponerse anoche en dos sets a su compatriota Stanislas Wawrinka.<\/span><\/p>\n<\/p>\n<p><span class=\"text1noticias\">&#8216;Ganar aqu\u00ed nuevamente y vencer a jugadores de gran nivel y de la manera que lo hice representa una gran satisfacci\u00f3n para m\u00ed. Estoy muy feliz&#8217;, destac\u00f3 poco despu\u00e9s de finalizar el tope su majestad, como le llaman fan\u00e1ticos y especialistas a Federer.<\/span><\/p>\n<\/p>\n<p><span class=\"text1noticias\">El \u00eddolo de Basilea admiti\u00f3 que el \u00e9xito en el desierto californiano no le sorprendi\u00f3 tanto como la victoria conseguida en el Abierto de Australia este a\u00f1o, pero s\u00ed asegur\u00f3 que representa un est\u00edmulo m\u00e1s para continuar la temporada.<\/span><\/p>\n<\/p>\n<p><span class=\"text1noticias\">&#8216;Es un gran comienzo de a\u00f1o para m\u00ed, m\u00e1s cuando no gan\u00e9 t\u00edtulos en 2016. Creo que no estuve en ninguna final, excepto puede ser Brisbane, por lo que el cambio es dr\u00e1stico y se siente genial&#8217;, precis\u00f3 a quien denominan la perfecci\u00f3n por su calidad competitiva.<\/span><\/p>\n<\/p>\n<p><span class=\"text1noticias\">Federer, m\u00e1ximo ganador del t\u00edtulo en torneos de Grand Slam con 18, consigui\u00f3 as\u00ed su quinto pergamino en Indian Wells luego de imponerse en 2004, 2005, 2006 y 2012, fij\u00f3 en 20 triunfos y tres derrotas el match particular con Wawrinka, lleg\u00f3 a mil 81 victoria en el circuito profesional y escal\u00f3 del d\u00e9cimo al sexto puesto del ranking mundial.<\/span><\/p>\n<\/p>\n<p><span class=\"text1noticias\">El suizo de 35 a\u00f1os adem\u00e1s, se erigi\u00f3 en el raquetista de mayor edad en ganar un t\u00edtulo de Masters 1000, luego de la victoria del estadounidense Andre Agassi a los 34 a\u00f1os en el de Cincinnati-2004.<\/span><\/p>\n<\/p>\n<h6> 2017-03-20 14:30:02 <\/h6>\n<p><!--\n<link rel=\"stylesheet\" href=\"css\/bootstrap.min.css\">\n\n\n<ul class=\"pagination\">\n\t    \n\t\n\n<li >\n\t<a href='?page_no=9314'>Previous<\/a>\n\t<\/li>\n\n\n       \n    \n\n<li><a href='?page_no=1'>1<\/a><\/li>\n\n\n\n<li><a href='?page_no=2'>2<\/a><\/li>\n\n\n\n<li><a>...<\/a><\/li>\n\n\n\n<li><a href='?page_no=9313'>9313<\/a><\/li>\n\n\n\n<li><a href='?page_no=9314'>9314<\/a><\/li>\n\n\n\n<li class='active'><a>9315<\/a><\/li>\n\n\n\n<li><a href='?page_no=9316'>9316<\/a><\/li>\n\n\n\n<li><a href='?page_no=9317'>9317<\/a><\/li>\n\n\n\n<li><a>...<\/a><\/li>\n\n\n\n<li><a href='?page_no=36618'>36618<\/a><\/li>\n\n\n\n<li><a href='?page_no=36619'>36619<\/a><\/li>\n\n    \n\t\n\n<li >\n\t<a href='?page_no=9316'>Next<\/a>\n\t<\/li>\n\n\n    \n\n<li><a href='?page_no=36619'>Last &rsaquo;&rsaquo;<\/a><\/li>\n\n<\/ul>\n\n\n--><br \/>\n<\/body><\/p>\n","protected":false},"excerpt":{"rendered":"<p>Indian Wells, Estados Unidos, 20 mar (PL) El tenista suizo Roger Federer celebra hoy la obtenci\u00f3n del t\u00edtulo 90 de su carrera profesional tras imponerse anoche en dos sets a su compatriota Stanislas Wawrinka. &#8216;Ganar aqu\u00ed nuevamente y vencer a jugadores de gran nivel y de la manera que lo hice representa una gran satisfacci\u00f3n [&hellip;]<\/p>\n","protected":false},"author":3,"featured_media":0,"comment_status":"open","ping_status":"open","sticky":false,"template":"","format":"standard","meta":{"footnotes":""},"categories":[17],"tags":[],"class_list":["post-210076","post","type-post","status-publish","format-standard","hentry","category-deportes"],"_links":{"self":[{"href":"https:\/\/diariodominicano.com\/index.php?rest_route=\/wp\/v2\/posts\/210076","targetHints":{"allow":["GET"]}}],"collection":[{"href":"https:\/\/diariodominicano.com\/index.php?rest_route=\/wp\/v2\/posts"}],"about":[{"href":"https:\/\/diariodominicano.com\/index.php?rest_route=\/wp\/v2\/types\/post"}],"author":[{"embeddable":true,"href":"https:\/\/diariodominicano.com\/index.php?rest_route=\/wp\/v2\/users\/3"}],"replies":[{"embeddable":true,"href":"https:\/\/diariodominicano.com\/index.php?rest_route=%2Fwp%2Fv2%2Fcomments&post=210076"}],"version-history":[{"count":0,"href":"https:\/\/diariodominicano.com\/index.php?rest_route=\/wp\/v2\/posts\/210076\/revisions"}],"wp:attachment":[{"href":"https:\/\/diariodominicano.com\/index.php?rest_route=%2Fwp%2Fv2%2Fmedia&parent=210076"}],"wp:term":[{"taxonomy":"category","embeddable":true,"href":"https:\/\/diariodominicano.com\/index.php?rest_route=%2Fwp%2Fv2%2Fcategories&post=210076"},{"taxonomy":"post_tag","embeddable":true,"href":"https:\/\/diariodominicano.com\/index.php?rest_route=%2Fwp%2Fv2%2Ftags&post=210076"}],"curies":[{"name":"wp","href":"https:\/\/api.w.org\/{rel}","templated":true}]}}