{"id":210068,"date":"2017-03-21T14:19:44","date_gmt":"2017-03-21T14:19:44","guid":{"rendered":"http:\/\/diariodominicano.ddns.net\/?p=210068"},"modified":"2017-03-21T14:19:44","modified_gmt":"2017-03-21T14:19:44","slug":"espanoles-listos-para-afrontar-primera-carrera-de-motos-gp","status":"publish","type":"post","link":"https:\/\/diariodominicano.com\/?p=210068","title":{"rendered":"Espa\u00f1oles listos para afrontar primera carrera de Motos GP"},"content":{"rendered":"<p><body><\/p>\n<p><img decoding=\"async\" src=\"img3\/Moto-GP.jpg\" \/>  <\/p>\n<p><span class=\"text1noticias\">Madrid, 21 mar (PL) Los pilotos espa\u00f1oles Marc M\u00e1rquez, Jorge Lorenzo y Dani Pedrosa manifestaron hoy aqu\u00ed estar listos para afrontar la temporada de Motos GP que se inicia el pr\u00f3ximo fin de semana en el circuito de Losail, Catar.<\/span><\/p>\n<\/p>\n<p><span class=\"text1noticias\">&#8216;Este a\u00f1o empezamos el campeonato mejor que el anterior pero no quiere decir que los resultados tengan que ser mejores. Intentaremos gestionarlo bien desde el principio&#8217;, destac\u00f3 M\u00e1rquez en la p\u00e1gina del equipo.<\/span><\/p>\n<\/p>\n<p><span class=\"text1noticias\">De acuerdo con el campe\u00f3n mundial de la categor\u00eda en los a\u00f1os (2013, 2014 y 2016), la primera carrera de la temporada se torna siempre especial porque &#8216;uno est\u00e1 un poco m\u00e1s nervioso de lo normal&#8217;.<\/span><\/p>\n<\/p>\n<p><span class=\"text1noticias\">Al respecto, se\u00f1al\u00f3, la pista de Losail es una de las m\u00e1s peculiares del programa competitivo.<\/span><\/p>\n<\/p>\n<p><span class=\"text1noticias\">&#8216;Quiz\u00e1s no sea uno de los mejores circuitos para mi estilo de pilotaje, pero me gusta&#8217;, expres\u00f3 M\u00e1rquez.<\/span><\/p>\n<\/p>\n<p><span class=\"text1noticias\">Por su parte, Lorenzo, resalt\u00f3 su confianza para afrontar el primer reto de la campa\u00f1a.<\/span><\/p>\n<\/p>\n<p><span class=\"text1noticias\">Seg\u00fan el titular del mundo de Motos GP en 2010, 2012 y 2015, despu\u00e9s de su \u00faltimo entrenamiento se siente muy animado, dispuesto a continuar ascendiendo en su carrera deportiva.<\/span><\/p>\n<\/p>\n<p><span class=\"text1noticias\">&#8216;Este ser\u00e1 mi primer Gran Premio oficial con la escuder\u00eda Ducati y por lo tanto ser\u00e1 un fin de semana muy especial&#8217;, afirm\u00f3 Lorenzo en la p\u00e1gina oficial del elenco italiano.<\/span><\/p>\n<\/p>\n<p><span class=\"text1noticias\">Mientras tanto, Pedrosa advirti\u00f3 en la web a su equipo Resol Honda, que para obtener un buen resultado en el circuito de Losail ser\u00e1 necesario tener un motor potente.<\/span><\/p>\n<\/p>\n<p><span class=\"text1noticias\">A juicio del titular universal en las categor\u00edas de 125 cc en 2003 y de 250cc en 2004 y 2005, ese factor ser\u00e1 vital para encarar la amplia recta que conduce a la meta del trazado catar\u00ed.<\/span><\/p>\n<\/p>\n<p><span class=\"text1noticias\">De manera general, dijo, &#8216;ser\u00e1 dif\u00edcil hacer predicciones para la carrera porque el nivel competitivo es muy alto. Vamos con confianza y con el objetivo de competir lo mejor posible&#8217;, sostuvo el nacido en Barcelona.<\/span><\/p>\n<h6> 2017-03-21 14:19:44 <\/h6>\n<p><!--\n<link rel=\"stylesheet\" href=\"css\/bootstrap.min.css\">\n\n\n<ul class=\"pagination\">\n\t    \n\t\n\n<li >\n\t<a href='?page_no=9307'>Previous<\/a>\n\t<\/li>\n\n\n       \n    \n\n<li><a href='?page_no=1'>1<\/a><\/li>\n\n\n\n<li><a href='?page_no=2'>2<\/a><\/li>\n\n\n\n<li><a>...<\/a><\/li>\n\n\n\n<li><a href='?page_no=9306'>9306<\/a><\/li>\n\n\n\n<li><a href='?page_no=9307'>9307<\/a><\/li>\n\n\n\n<li class='active'><a>9308<\/a><\/li>\n\n\n\n<li><a href='?page_no=9309'>9309<\/a><\/li>\n\n\n\n<li><a href='?page_no=9310'>9310<\/a><\/li>\n\n\n\n<li><a>...<\/a><\/li>\n\n\n\n<li><a href='?page_no=36618'>36618<\/a><\/li>\n\n\n\n<li><a href='?page_no=36619'>36619<\/a><\/li>\n\n    \n\t\n\n<li >\n\t<a href='?page_no=9309'>Next<\/a>\n\t<\/li>\n\n\n    \n\n<li><a href='?page_no=36619'>Last &rsaquo;&rsaquo;<\/a><\/li>\n\n<\/ul>\n\n\n--><br \/>\n<\/body><\/p>\n","protected":false},"excerpt":{"rendered":"<p>Madrid, 21 mar (PL) Los pilotos espa\u00f1oles Marc M\u00e1rquez, Jorge Lorenzo y Dani Pedrosa manifestaron hoy aqu\u00ed estar listos para afrontar la temporada de Motos GP que se inicia el pr\u00f3ximo fin de semana en el circuito de Losail, Catar. &#8216;Este a\u00f1o empezamos el campeonato mejor que el anterior pero no quiere decir que los [&hellip;]<\/p>\n","protected":false},"author":3,"featured_media":0,"comment_status":"open","ping_status":"open","sticky":false,"template":"","format":"standard","meta":{"footnotes":""},"categories":[17],"tags":[],"class_list":["post-210068","post","type-post","status-publish","format-standard","hentry","category-deportes"],"_links":{"self":[{"href":"https:\/\/diariodominicano.com\/index.php?rest_route=\/wp\/v2\/posts\/210068","targetHints":{"allow":["GET"]}}],"collection":[{"href":"https:\/\/diariodominicano.com\/index.php?rest_route=\/wp\/v2\/posts"}],"about":[{"href":"https:\/\/diariodominicano.com\/index.php?rest_route=\/wp\/v2\/types\/post"}],"author":[{"embeddable":true,"href":"https:\/\/diariodominicano.com\/index.php?rest_route=\/wp\/v2\/users\/3"}],"replies":[{"embeddable":true,"href":"https:\/\/diariodominicano.com\/index.php?rest_route=%2Fwp%2Fv2%2Fcomments&post=210068"}],"version-history":[{"count":0,"href":"https:\/\/diariodominicano.com\/index.php?rest_route=\/wp\/v2\/posts\/210068\/revisions"}],"wp:attachment":[{"href":"https:\/\/diariodominicano.com\/index.php?rest_route=%2Fwp%2Fv2%2Fmedia&parent=210068"}],"wp:term":[{"taxonomy":"category","embeddable":true,"href":"https:\/\/diariodominicano.com\/index.php?rest_route=%2Fwp%2Fv2%2Fcategories&post=210068"},{"taxonomy":"post_tag","embeddable":true,"href":"https:\/\/diariodominicano.com\/index.php?rest_route=%2Fwp%2Fv2%2Ftags&post=210068"}],"curies":[{"name":"wp","href":"https:\/\/api.w.org\/{rel}","templated":true}]}}