{"id":210067,"date":"2017-03-21T14:23:17","date_gmt":"2017-03-21T14:23:17","guid":{"rendered":"http:\/\/diariodominicano.ddns.net\/?p=210067"},"modified":"2017-03-21T14:23:17","modified_gmt":"2017-03-21T14:23:17","slug":"construyen-en-jamaica-estatua-en-honor-a-usain-bolt","status":"publish","type":"post","link":"https:\/\/diariodominicano.com\/?p=210067","title":{"rendered":"Construyen en Jamaica estatua en honor a Usain Bolt"},"content":{"rendered":"<p><body><\/p>\n<p><img decoding=\"async\" src=\"img3\/Usain-Bolt.jpg\" \/>  <\/p>\n<p><span class=\"text1noticias\">Kingston, 21 mar (PL) La construcci\u00f3n de una estatua del multicampe\u00f3n ol\u00edmpico y mundial de la velocidad pura, Usain Bolt, estar\u00e1 lista para su inauguraci\u00f3n aqu\u00ed en el aniversario 55 de la independencia de Jamaica, revel\u00f3 hoy el Servicio de Informaci\u00f3n del pa\u00eds.<\/span><\/p>\n<\/p>\n<p><span class=\"text1noticias\">La obra, dise\u00f1ada y creada por el reconocido escultor local Basil Watson, tendr\u00e1 ocho metros de altura y ser\u00e1 colocada en el Parque de la Independencia durante los festejos por la fecha nacional en agosto pr\u00f3ximo.<\/span><\/p>\n<\/p>\n<p><span class=\"text1noticias\">De acuerdo con la ministra de Cultura y Deporte, Olivia Grange, la escultura ser\u00e1 un homenaje permanente al recordista del orbe en los 100 y 200 metros planos (9,58 y 19,19 segundos, respectivamente), &#8216;marcas que fascinan al mundo entero&#8217;.<\/span><\/p>\n<\/p>\n<p><span class=\"text1noticias\">La inauguraci\u00f3n coincidir\u00e1 con la participaci\u00f3n del velocista en el Campeonato Mundial de Atletismo, a celebrarse en Londres, y que ser\u00e1 la \u00faltima competencia oficial del jamaicano, seg\u00fan anunci\u00f3 el corredor.<\/span><\/p>\n<\/p>\n<p><span class=\"text1noticias\">Los logros alcanzados por Bolt ser\u00e1n recordados por varias generaciones y Jamaica har\u00e1 todo lo posible para inmortalizar a este atleta que surge una vez en la vida, agreg\u00f3 Grange.<\/span><\/p>\n<\/p>\n<p><span class=\"text1noticias\">Las autoridades deportivas tambi\u00e9n proyectan la construcci\u00f3n de obras en honor de otros destacados atletas del campo y pista, entre ellos las jamaicanas Veronica Campbell-Brown y Shelly-Ann Fraser-Pryce, y el kenyano Asafa Powell, todos con resultados de primer nivel en torneos ol\u00edmpicos y mundiales.<\/span><\/p>\n<h6> 2017-03-21 14:23:17 <\/h6>\n<p><!--\n<link rel=\"stylesheet\" href=\"css\/bootstrap.min.css\">\n\n\n<ul class=\"pagination\">\n\t    \n\t\n\n<li >\n\t<a href='?page_no=9306'>Previous<\/a>\n\t<\/li>\n\n\n       \n    \n\n<li><a href='?page_no=1'>1<\/a><\/li>\n\n\n\n<li><a href='?page_no=2'>2<\/a><\/li>\n\n\n\n<li><a>...<\/a><\/li>\n\n\n\n<li><a href='?page_no=9305'>9305<\/a><\/li>\n\n\n\n<li><a href='?page_no=9306'>9306<\/a><\/li>\n\n\n\n<li class='active'><a>9307<\/a><\/li>\n\n\n\n<li><a href='?page_no=9308'>9308<\/a><\/li>\n\n\n\n<li><a href='?page_no=9309'>9309<\/a><\/li>\n\n\n\n<li><a>...<\/a><\/li>\n\n\n\n<li><a href='?page_no=36618'>36618<\/a><\/li>\n\n\n\n<li><a href='?page_no=36619'>36619<\/a><\/li>\n\n    \n\t\n\n<li >\n\t<a href='?page_no=9308'>Next<\/a>\n\t<\/li>\n\n\n    \n\n<li><a href='?page_no=36619'>Last &rsaquo;&rsaquo;<\/a><\/li>\n\n<\/ul>\n\n\n--><br \/>\n<\/body><\/p>\n","protected":false},"excerpt":{"rendered":"<p>Kingston, 21 mar (PL) La construcci\u00f3n de una estatua del multicampe\u00f3n ol\u00edmpico y mundial de la velocidad pura, Usain Bolt, estar\u00e1 lista para su inauguraci\u00f3n aqu\u00ed en el aniversario 55 de la independencia de Jamaica, revel\u00f3 hoy el Servicio de Informaci\u00f3n del pa\u00eds. La obra, dise\u00f1ada y creada por el reconocido escultor local Basil Watson, [&hellip;]<\/p>\n","protected":false},"author":3,"featured_media":0,"comment_status":"open","ping_status":"open","sticky":false,"template":"","format":"standard","meta":{"footnotes":""},"categories":[17],"tags":[],"class_list":["post-210067","post","type-post","status-publish","format-standard","hentry","category-deportes"],"_links":{"self":[{"href":"https:\/\/diariodominicano.com\/index.php?rest_route=\/wp\/v2\/posts\/210067","targetHints":{"allow":["GET"]}}],"collection":[{"href":"https:\/\/diariodominicano.com\/index.php?rest_route=\/wp\/v2\/posts"}],"about":[{"href":"https:\/\/diariodominicano.com\/index.php?rest_route=\/wp\/v2\/types\/post"}],"author":[{"embeddable":true,"href":"https:\/\/diariodominicano.com\/index.php?rest_route=\/wp\/v2\/users\/3"}],"replies":[{"embeddable":true,"href":"https:\/\/diariodominicano.com\/index.php?rest_route=%2Fwp%2Fv2%2Fcomments&post=210067"}],"version-history":[{"count":0,"href":"https:\/\/diariodominicano.com\/index.php?rest_route=\/wp\/v2\/posts\/210067\/revisions"}],"wp:attachment":[{"href":"https:\/\/diariodominicano.com\/index.php?rest_route=%2Fwp%2Fv2%2Fmedia&parent=210067"}],"wp:term":[{"taxonomy":"category","embeddable":true,"href":"https:\/\/diariodominicano.com\/index.php?rest_route=%2Fwp%2Fv2%2Fcategories&post=210067"},{"taxonomy":"post_tag","embeddable":true,"href":"https:\/\/diariodominicano.com\/index.php?rest_route=%2Fwp%2Fv2%2Ftags&post=210067"}],"curies":[{"name":"wp","href":"https:\/\/api.w.org\/{rel}","templated":true}]}}