{"id":210066,"date":"2017-03-21T14:27:44","date_gmt":"2017-03-21T14:27:44","guid":{"rendered":"http:\/\/diariodominicano.ddns.net\/?p=210066"},"modified":"2017-03-21T14:27:44","modified_gmt":"2017-03-21T14:27:44","slug":"chile-se-pone-a-punto-de-cara-al-duelo-con-argentina","status":"publish","type":"post","link":"https:\/\/diariodominicano.com\/?p=210066","title":{"rendered":"Chile se pone a punto de cara al duelo con Argentina"},"content":{"rendered":"<p><body><\/p>\n<p><img decoding=\"async\" src=\"img3\/Chile-Argentina.jpg\" \/>  <\/p>\n<p><span class=\"text1noticias\">Santiago de Chile, 21 mar (PL) La llegada del oto\u00f1o, t\u00edmido de momento, marc\u00f3 tambi\u00e9n los primeros entrenamientos de Chile, exultante como de costumbre de cara al partido de la eliminatoria sudamericana de f\u00fatbol contra Argentina.<\/span><\/p>\n<\/p>\n<p><span class=\"text1noticias\">Ser\u00e1 el jueves en Buenos Aires y tiene significado especial. La Roja por mantenerse en puestos de clasificaci\u00f3n hacia la Copa del Mundo de Rusia 2018, y la Albiceleste en busca de responder a las expectativas con su plantilla de lujo.<\/span><\/p>\n<\/p>\n<p><span class=\"text1noticias\">En realidad la preparaci\u00f3n se concentra en dos aspectos, estirar los m\u00fasculos y sostener charlas con el director t\u00e9cnico Juan Antonio Pizzi. Porque todos los futbolistas participan en ligas y como tarde, jugaron el pasado s\u00e1bado.<\/span><\/p>\n<\/p>\n<p><span class=\"text1noticias\">As\u00ed y todo, se trata de una tarea compleja para el entrenador y los propios jugadores. Chile choca frente al duro examen de Argentina y luego, la pr\u00f3xima semana lo har\u00e1 con Venezuela, en el a\u00f1o crucial con miras a Rusia 2018.<\/span><\/p>\n<\/p>\n<p><span class=\"text1noticias\">Brasil marcha al frente de la justa con 27 puntos, seguido por Uruguay (23), Ecuador (20), Chile (20) y Argentina (19), los cuatro primeros en zona de clasificaci\u00f3n directa y los rioplatenses en repechaje.<\/span><\/p>\n<\/p>\n<p><span class=\"text1noticias\">La Roja se resentir\u00e1 en el duelo con Argentina de las ausencias de Arturo Vidal, del Bayern Munich (por acumulaci\u00f3n de tarjetas) y de Marcelo D\u00edaz, del Celta de Vigo (lesionado), ambos figuras importantes en el medio campo.<\/span><\/p>\n<\/p>\n<p><span class=\"text1noticias\">Pero ya Alexis S\u00e1nchez (Arsenal) se encarg\u00f3 de dar una arenga a sus compa\u00f1eros de equipo a trav\u00e9s de su cuenta de Twitter.<\/span><\/p>\n<\/p>\n<p><span class=\"text1noticias\">&#8216;El \u00fanico fracaso es no intentarlo&#8217;, escribi\u00f3 el delantero junto con una imagen de su gran actuaci\u00f3n ante Uruguay, en noviembre, que termin\u00f3 con victoria chilena de 3-1.<\/span><\/p>\n<\/p>\n<p><span class=\"text1noticias\">Si bien en las dos \u00faltimas Copas Am\u00e9rica, la sonrisa fue para Chile frente a Argentina en la conquista del cetro, en ambos casos por penales, la situaci\u00f3n se presenta diferente en cierto sentido.<\/span><\/p>\n<\/p>\n<p><span class=\"text1noticias\">Los rioplatenses est\u00e1n urgido de demostrar que adem\u00e1s de nombres, Lionel Messi, Angel Di Mar\u00eda, Sergio Aguero, Javier Mascherano y Paulo Dybala, entre otros, son capaces de deslumbrar en la cancha de conjunto.<\/span><\/p>\n<\/p>\n<p><span class=\"text1noticias\">Por la parte de Juan Antonio Pizzi, argentino tambi\u00e9n con nacionalidad espa\u00f1ola, el llamado a filas de Jorge El Mago Valdivia le permitir\u00e1 dar creatividad al mediocampo y no hacer notar demasiado las ausencias de Vidal y D\u00edaz.<\/span><\/p>\n<\/p>\n<p><span class=\"text1noticias\">Valdivia es todo un veterano con altibajos en el rendimiento. Vuelve a la plantilla tras una larga ausencia, gracias en gran medida a su rendimiento con el club Al-Whada de los Emiratos Arabes Unidos.<\/span><\/p>\n<\/p>\n<p><span class=\"text1noticias\">A los chilenos, dobles campeones de la Copa Am\u00e9rica de forma sucesiva, las cosas no deben salirle tan mal. A\u00fan si ceden ante los argentinos, son favoritos para imponerse a Venezuela el d\u00eda 28 en el estadio Monumental de Santiago.<\/span><\/p>\n<\/p>\n<h6> 2017-03-21 14:27:44 <\/h6>\n<p><!--\n<link rel=\"stylesheet\" href=\"css\/bootstrap.min.css\">\n\n\n<ul class=\"pagination\">\n\t    \n\t\n\n<li >\n\t<a href='?page_no=9305'>Previous<\/a>\n\t<\/li>\n\n\n       \n    \n\n<li><a href='?page_no=1'>1<\/a><\/li>\n\n\n\n<li><a href='?page_no=2'>2<\/a><\/li>\n\n\n\n<li><a>...<\/a><\/li>\n\n\n\n<li><a href='?page_no=9304'>9304<\/a><\/li>\n\n\n\n<li><a href='?page_no=9305'>9305<\/a><\/li>\n\n\n\n<li class='active'><a>9306<\/a><\/li>\n\n\n\n<li><a href='?page_no=9307'>9307<\/a><\/li>\n\n\n\n<li><a href='?page_no=9308'>9308<\/a><\/li>\n\n\n\n<li><a>...<\/a><\/li>\n\n\n\n<li><a href='?page_no=36618'>36618<\/a><\/li>\n\n\n\n<li><a href='?page_no=36619'>36619<\/a><\/li>\n\n    \n\t\n\n<li >\n\t<a href='?page_no=9307'>Next<\/a>\n\t<\/li>\n\n\n    \n\n<li><a href='?page_no=36619'>Last &rsaquo;&rsaquo;<\/a><\/li>\n\n<\/ul>\n\n\n--><br \/>\n<\/body><\/p>\n","protected":false},"excerpt":{"rendered":"<p>Santiago de Chile, 21 mar (PL) La llegada del oto\u00f1o, t\u00edmido de momento, marc\u00f3 tambi\u00e9n los primeros entrenamientos de Chile, exultante como de costumbre de cara al partido de la eliminatoria sudamericana de f\u00fatbol contra Argentina. Ser\u00e1 el jueves en Buenos Aires y tiene significado especial. La Roja por mantenerse en puestos de clasificaci\u00f3n hacia [&hellip;]<\/p>\n","protected":false},"author":3,"featured_media":0,"comment_status":"open","ping_status":"open","sticky":false,"template":"","format":"standard","meta":{"footnotes":""},"categories":[17],"tags":[],"class_list":["post-210066","post","type-post","status-publish","format-standard","hentry","category-deportes"],"_links":{"self":[{"href":"https:\/\/diariodominicano.com\/index.php?rest_route=\/wp\/v2\/posts\/210066","targetHints":{"allow":["GET"]}}],"collection":[{"href":"https:\/\/diariodominicano.com\/index.php?rest_route=\/wp\/v2\/posts"}],"about":[{"href":"https:\/\/diariodominicano.com\/index.php?rest_route=\/wp\/v2\/types\/post"}],"author":[{"embeddable":true,"href":"https:\/\/diariodominicano.com\/index.php?rest_route=\/wp\/v2\/users\/3"}],"replies":[{"embeddable":true,"href":"https:\/\/diariodominicano.com\/index.php?rest_route=%2Fwp%2Fv2%2Fcomments&post=210066"}],"version-history":[{"count":0,"href":"https:\/\/diariodominicano.com\/index.php?rest_route=\/wp\/v2\/posts\/210066\/revisions"}],"wp:attachment":[{"href":"https:\/\/diariodominicano.com\/index.php?rest_route=%2Fwp%2Fv2%2Fmedia&parent=210066"}],"wp:term":[{"taxonomy":"category","embeddable":true,"href":"https:\/\/diariodominicano.com\/index.php?rest_route=%2Fwp%2Fv2%2Fcategories&post=210066"},{"taxonomy":"post_tag","embeddable":true,"href":"https:\/\/diariodominicano.com\/index.php?rest_route=%2Fwp%2Fv2%2Ftags&post=210066"}],"curies":[{"name":"wp","href":"https:\/\/api.w.org\/{rel}","templated":true}]}}