{"id":210065,"date":"2017-03-21T14:32:40","date_gmt":"2017-03-21T14:32:40","guid":{"rendered":"http:\/\/diariodominicano.ddns.net\/?p=210065"},"modified":"2017-03-21T14:32:40","modified_gmt":"2017-03-21T14:32:40","slug":"tenista-federer-comanda-las-estrellas-del-masters-1000-de-miami","status":"publish","type":"post","link":"https:\/\/diariodominicano.com\/?p=210065","title":{"rendered":"Tenista Federer comanda las estrellas del Masters 1000 de Miami"},"content":{"rendered":"<p><body><\/p>\n<p><img decoding=\"async\" src=\"img3\/Federer.jpg\" \/>  <\/p>\n<p><span class=\"text1noticias\">Miami, Estados Unidos, 21 mar (PL) El suizo Roger Federer, reciente ganador del Masters 1000 de Indian Wells, comanda hoy las estrellas masculinas del tenis confirmadas para disputar desde ma\u00f1ana un certamen de igual categor\u00eda en Miami.<\/span><\/p>\n<\/p>\n<p><span class=\"text1noticias\">Federer, m\u00e1ximo ganador de t\u00edtulos de Grand Slam con 18, es ubicado como cabeza de serie n\u00famero cuatro en un torneo donde se reencontrar\u00e1 con su compatriota y v\u00edctima en la final del Indian Wells, Stanislas Wawrinka, favorito n\u00famero uno seg\u00fan los organizadores.<\/span><\/p>\n<\/p>\n<p><span class=\"text1noticias\">Igualmente, el \u00eddolo de Basilea se encontrar\u00e1 con rivales como el japon\u00e9s Kei Nishikori, segundo preclasificado, el canadiense Milos Raonic (tercero) y el espa\u00f1ol Rafael Nadal, finalista aqu\u00ed en las versiones de 2005, 2008, 2011 y 2014 marcado como n\u00famero cinco.<\/span><\/p>\n<\/p>\n<p><span class=\"text1noticias\">Luego de vencer en la final del Abierto de Australia y en Indian Wells, la perfecci\u00f3n como le llaman a Federer, se dispone a continuar su racha victoriosa y ascendiendo en el escalaf\u00f3n universal en el que ocupa el puesto n\u00famero seis.<\/span><\/p>\n<\/p>\n<p><span class=\"text1noticias\">De hacerlo Federer podr\u00eda toparse en tercera ronda con el argentino Juan Mart\u00edn del Potro, su verdugo en la final del Abierto de Estados Unidos en 2009 y con quien archiva un balance de 15 \u00e9xitos por cinco en el match particular.<\/span><\/p>\n<\/p>\n<p><span class=\"text1noticias\">Otros hombres a seguir por Federer en Miami son el uruguayo Pablo Cuevas y el espa\u00f1ol Pablo Carre\u00f1o, quien perdi\u00f3 con Wawrinka en las semifinales del Indian Wells.<\/span><\/p>\n<h6> 2017-03-21 14:32:40 <\/h6>\n<p><!--\n<link rel=\"stylesheet\" href=\"css\/bootstrap.min.css\">\n\n\n<ul class=\"pagination\">\n\t    \n\t\n\n<li >\n\t<a href='?page_no=9304'>Previous<\/a>\n\t<\/li>\n\n\n       \n    \n\n<li><a href='?page_no=1'>1<\/a><\/li>\n\n\n\n<li><a href='?page_no=2'>2<\/a><\/li>\n\n\n\n<li><a>...<\/a><\/li>\n\n\n\n<li><a href='?page_no=9303'>9303<\/a><\/li>\n\n\n\n<li><a href='?page_no=9304'>9304<\/a><\/li>\n\n\n\n<li class='active'><a>9305<\/a><\/li>\n\n\n\n<li><a href='?page_no=9306'>9306<\/a><\/li>\n\n\n\n<li><a href='?page_no=9307'>9307<\/a><\/li>\n\n\n\n<li><a>...<\/a><\/li>\n\n\n\n<li><a href='?page_no=36618'>36618<\/a><\/li>\n\n\n\n<li><a href='?page_no=36619'>36619<\/a><\/li>\n\n    \n\t\n\n<li >\n\t<a href='?page_no=9306'>Next<\/a>\n\t<\/li>\n\n\n    \n\n<li><a href='?page_no=36619'>Last &rsaquo;&rsaquo;<\/a><\/li>\n\n<\/ul>\n\n\n--><br \/>\n<\/body><\/p>\n","protected":false},"excerpt":{"rendered":"<p>Miami, Estados Unidos, 21 mar (PL) El suizo Roger Federer, reciente ganador del Masters 1000 de Indian Wells, comanda hoy las estrellas masculinas del tenis confirmadas para disputar desde ma\u00f1ana un certamen de igual categor\u00eda en Miami. Federer, m\u00e1ximo ganador de t\u00edtulos de Grand Slam con 18, es ubicado como cabeza de serie n\u00famero cuatro [&hellip;]<\/p>\n","protected":false},"author":3,"featured_media":0,"comment_status":"open","ping_status":"open","sticky":false,"template":"","format":"standard","meta":{"footnotes":""},"categories":[17],"tags":[],"class_list":["post-210065","post","type-post","status-publish","format-standard","hentry","category-deportes"],"_links":{"self":[{"href":"https:\/\/diariodominicano.com\/index.php?rest_route=\/wp\/v2\/posts\/210065","targetHints":{"allow":["GET"]}}],"collection":[{"href":"https:\/\/diariodominicano.com\/index.php?rest_route=\/wp\/v2\/posts"}],"about":[{"href":"https:\/\/diariodominicano.com\/index.php?rest_route=\/wp\/v2\/types\/post"}],"author":[{"embeddable":true,"href":"https:\/\/diariodominicano.com\/index.php?rest_route=\/wp\/v2\/users\/3"}],"replies":[{"embeddable":true,"href":"https:\/\/diariodominicano.com\/index.php?rest_route=%2Fwp%2Fv2%2Fcomments&post=210065"}],"version-history":[{"count":0,"href":"https:\/\/diariodominicano.com\/index.php?rest_route=\/wp\/v2\/posts\/210065\/revisions"}],"wp:attachment":[{"href":"https:\/\/diariodominicano.com\/index.php?rest_route=%2Fwp%2Fv2%2Fmedia&parent=210065"}],"wp:term":[{"taxonomy":"category","embeddable":true,"href":"https:\/\/diariodominicano.com\/index.php?rest_route=%2Fwp%2Fv2%2Fcategories&post=210065"},{"taxonomy":"post_tag","embeddable":true,"href":"https:\/\/diariodominicano.com\/index.php?rest_route=%2Fwp%2Fv2%2Ftags&post=210065"}],"curies":[{"name":"wp","href":"https:\/\/api.w.org\/{rel}","templated":true}]}}