{"id":210057,"date":"2017-03-22T14:22:34","date_gmt":"2017-03-22T14:22:34","guid":{"rendered":"http:\/\/diariodominicano.ddns.net\/?p=210057"},"modified":"2017-03-22T14:22:34","modified_gmt":"2017-03-22T14:22:34","slug":"valverde-gana-tercera-etapa-de-vuelta-a-cataluna","status":"publish","type":"post","link":"https:\/\/diariodominicano.com\/?p=210057","title":{"rendered":"Valverde gana tercera etapa de Vuelta a Catalu\u00f1a"},"content":{"rendered":"<p><body><\/p>\n<p><img decoding=\"async\" src=\"img3\/Valverde.jpg\" \/>  <\/p>\n<p><span class=\"text1noticias\">La Molina, Espa\u00f1a, 22 mar (PL) El ciclista espa\u00f1ol Alejandro Valverde gan\u00f3 hoy la tercera etapa de la Vuelta a Catalu\u00f1a, disputada entre la localidad de Matar\u00f3 y la estaci\u00f3n de esqu\u00ed de La Molina.<\/span><\/p>\n<\/p>\n<p><span class=\"text1noticias\">Valverde invirti\u00f3 un tiempo de cinco horas, siete minutos 12 segundos en el tramo, y entr\u00f3 por delante del irland\u00e9s Daniel Martin y el brit\u00e1nico Adam Yates.<\/span><\/p>\n<\/p>\n<p><span class=\"text1noticias\">El pedalista ib\u00e9rico hab\u00eda finalizado el martes como l\u00edder tras ganar el Movistar la contrarreloj por equipos, pero la penalizaci\u00f3n de un minuto a todo el equipo &#8216;telef\u00f3nico&#8217; le hizo ceder el liderato al belga Ben Hermans.<\/span><\/p>\n<\/p>\n<p><span class=\"text1noticias\">Nosotros interiormente sabemos que se gan\u00f3 justamente. Ten\u00edamos un \u00e1rbitro detr\u00e1s de nosotros en todo momento y \u00e9l dijo que en ning\u00fan momento hab\u00eda visto que se empujara, explic\u00f3 el corredor sobre el incidente.<\/span><\/p>\n<\/p>\n<p><span class=\"text1noticias\">Valverde, beneficiado por las bonificaciones, se sit\u00faa ahora en la cuarta posici\u00f3n de la general, a 45 segundos del nuevo l\u00edder, el estadounidense Tejay Van Garderen, quien entr\u00f3 en octava posici\u00f3n este mi\u00e9rcoles.<\/span><\/p>\n<\/p>\n<p><span class=\"text1noticias\">Garderen aventaja en 41 segundos al anfitri\u00f3n Samuel S\u00e1nchez y en 44 al brit\u00e1nico Geraint Thomas.<\/span><\/p>\n<\/p>\n<p><span class=\"text1noticias\">Ma\u00f1ana tendr\u00e1 lugar la cuarta etapa, de 194.3 kil\u00f3metros entre Ll\u00edvia e Igualadam con un puerto de tercera categor\u00eda y otro de segunda.<\/span><\/p>\n<\/p>\n<h6> 2017-03-22 14:22:34 <\/h6>\n<p><!--\n<link rel=\"stylesheet\" href=\"css\/bootstrap.min.css\">\n\n\n<ul class=\"pagination\">\n\t    \n\t\n\n<li >\n\t<a href='?page_no=9298'>Previous<\/a>\n\t<\/li>\n\n\n       \n    \n\n<li><a href='?page_no=1'>1<\/a><\/li>\n\n\n\n<li><a href='?page_no=2'>2<\/a><\/li>\n\n\n\n<li><a>...<\/a><\/li>\n\n\n\n<li><a href='?page_no=9297'>9297<\/a><\/li>\n\n\n\n<li><a href='?page_no=9298'>9298<\/a><\/li>\n\n\n\n<li class='active'><a>9299<\/a><\/li>\n\n\n\n<li><a href='?page_no=9300'>9300<\/a><\/li>\n\n\n\n<li><a href='?page_no=9301'>9301<\/a><\/li>\n\n\n\n<li><a>...<\/a><\/li>\n\n\n\n<li><a href='?page_no=36618'>36618<\/a><\/li>\n\n\n\n<li><a href='?page_no=36619'>36619<\/a><\/li>\n\n    \n\t\n\n<li >\n\t<a href='?page_no=9300'>Next<\/a>\n\t<\/li>\n\n\n    \n\n<li><a href='?page_no=36619'>Last &rsaquo;&rsaquo;<\/a><\/li>\n\n<\/ul>\n\n\n--><br \/>\n<\/body><\/p>\n","protected":false},"excerpt":{"rendered":"<p>La Molina, Espa\u00f1a, 22 mar (PL) El ciclista espa\u00f1ol Alejandro Valverde gan\u00f3 hoy la tercera etapa de la Vuelta a Catalu\u00f1a, disputada entre la localidad de Matar\u00f3 y la estaci\u00f3n de esqu\u00ed de La Molina. Valverde invirti\u00f3 un tiempo de cinco horas, siete minutos 12 segundos en el tramo, y entr\u00f3 por delante del irland\u00e9s [&hellip;]<\/p>\n","protected":false},"author":3,"featured_media":0,"comment_status":"open","ping_status":"open","sticky":false,"template":"","format":"standard","meta":{"footnotes":""},"categories":[17],"tags":[],"class_list":["post-210057","post","type-post","status-publish","format-standard","hentry","category-deportes"],"_links":{"self":[{"href":"https:\/\/diariodominicano.com\/index.php?rest_route=\/wp\/v2\/posts\/210057","targetHints":{"allow":["GET"]}}],"collection":[{"href":"https:\/\/diariodominicano.com\/index.php?rest_route=\/wp\/v2\/posts"}],"about":[{"href":"https:\/\/diariodominicano.com\/index.php?rest_route=\/wp\/v2\/types\/post"}],"author":[{"embeddable":true,"href":"https:\/\/diariodominicano.com\/index.php?rest_route=\/wp\/v2\/users\/3"}],"replies":[{"embeddable":true,"href":"https:\/\/diariodominicano.com\/index.php?rest_route=%2Fwp%2Fv2%2Fcomments&post=210057"}],"version-history":[{"count":0,"href":"https:\/\/diariodominicano.com\/index.php?rest_route=\/wp\/v2\/posts\/210057\/revisions"}],"wp:attachment":[{"href":"https:\/\/diariodominicano.com\/index.php?rest_route=%2Fwp%2Fv2%2Fmedia&parent=210057"}],"wp:term":[{"taxonomy":"category","embeddable":true,"href":"https:\/\/diariodominicano.com\/index.php?rest_route=%2Fwp%2Fv2%2Fcategories&post=210057"},{"taxonomy":"post_tag","embeddable":true,"href":"https:\/\/diariodominicano.com\/index.php?rest_route=%2Fwp%2Fv2%2Ftags&post=210057"}],"curies":[{"name":"wp","href":"https:\/\/api.w.org\/{rel}","templated":true}]}}