{"id":210054,"date":"2017-03-22T14:30:35","date_gmt":"2017-03-22T14:30:35","guid":{"rendered":"http:\/\/diariodominicano.ddns.net\/?p=210054"},"modified":"2017-03-22T14:30:35","modified_gmt":"2017-03-22T14:30:35","slug":"roger-federer-se-mantendra-activo-como-tenista-profesional","status":"publish","type":"post","link":"https:\/\/diariodominicano.com\/?p=210054","title":{"rendered":"Roger Federer se mantendr\u00e1 activo como tenista profesional"},"content":{"rendered":"<p><body><\/p>\n<p><img decoding=\"async\" src=\"img3\/Federer-Activo.jpg\" \/>  <\/p>\n<\/p>\n<p>Miami, Estados Unidos, 22 mar (PL) El estelar tenista suizo Roger Federer asegur\u00f3 hoy aqu\u00ed que continuar\u00e1 activo en el circuito profesional y que todav\u00eda la palabra retiro est\u00e1 fuera de su cabeza.<\/p>\n<\/p>\n<p>El retiro no est\u00e1 pensado. En este momento planifico mi trabajo mes a mes, podr\u00eda decir que voy a\u00f1o tras a\u00f1o, declar\u00f3 Federer a la prensa horas antes de comenzar el Master 1000 con sede en esta ciudad.<\/p>\n<\/p>\n<p>Federer, de 35 a\u00f1os de edad, refleja un repunte en su accionar competitivo tras apenas disputar siete torneos y no ganar ninguno en 2016, a\u00f1o en que se oper\u00f3 la rodilla, tuvo igualmente problemas en la espalda y decidi\u00f3 poner fin a la temporada en julio.<\/p>\n<\/p>\n<p>El \u00eddolo de Basilea parece estar cerca a la forma deportiva que le llev\u00f3 a ganar mil 93 partidos y 90 t\u00edtulo, 18 de ellos en torneos de Grand Slamn en su carrera, tras coronarse este a\u00f1o en los dos eventos que disput\u00f3, el Abierto de Australia y el Masters 1000 de Indian Wells.<\/p>\n<\/p>\n<p>Ahora y tras las ausencias de rivales como el escoc\u00e9s Andy Murray, l\u00edder del ranking mundial, el serbio Novak Djokovic (2) y el franc\u00e9s Jo Wilfried Tsonga (10), &#8216;Su majestad&#8217; como le denominan a Federer, se encamina a mantener su racha victoriosa y alcanzar la corona 26 en cert\u00e1menes de categor\u00eda Masters 1000.<\/p>\n<\/p>\n<p>El helv\u00e9tico, due\u00f1o del sexto esca\u00f1o en el listado universal, tendr\u00e1 como oponentes a vencer en Miami al japon\u00e9s Kei Nishikori, segundo preclasificado de la justa, el canadiense Milos Raonic (tercero) y el espa\u00f1ol Rafael Nadal, finalista aqu\u00ed en las versiones de 2005, 2008, 2011 y 2014 marcado como n\u00famero cinco.<\/p>\n<\/p>\n<p>Asimismo podr\u00eda enfrentar en la tercera fase al argentino Juan Martin Del Potro, con quien perdi\u00f3 la final del Abierto de Estados Unidos en 2009.<\/p>\n<h6> 2017-03-22 14:30:35 <\/h6>\n<p><!--\n<link rel=\"stylesheet\" href=\"css\/bootstrap.min.css\">\n\n\n<ul class=\"pagination\">\n\t    \n\t\n\n<li >\n\t<a href='?page_no=9295'>Previous<\/a>\n\t<\/li>\n\n\n       \n    \n\n<li><a href='?page_no=1'>1<\/a><\/li>\n\n\n\n<li><a href='?page_no=2'>2<\/a><\/li>\n\n\n\n<li><a>...<\/a><\/li>\n\n\n\n<li><a href='?page_no=9294'>9294<\/a><\/li>\n\n\n\n<li><a href='?page_no=9295'>9295<\/a><\/li>\n\n\n\n<li class='active'><a>9296<\/a><\/li>\n\n\n\n<li><a href='?page_no=9297'>9297<\/a><\/li>\n\n\n\n<li><a href='?page_no=9298'>9298<\/a><\/li>\n\n\n\n<li><a>...<\/a><\/li>\n\n\n\n<li><a href='?page_no=36618'>36618<\/a><\/li>\n\n\n\n<li><a href='?page_no=36619'>36619<\/a><\/li>\n\n    \n\t\n\n<li >\n\t<a href='?page_no=9297'>Next<\/a>\n\t<\/li>\n\n\n    \n\n<li><a href='?page_no=36619'>Last &rsaquo;&rsaquo;<\/a><\/li>\n\n<\/ul>\n\n\n--><br \/>\n<\/body><\/p>\n","protected":false},"excerpt":{"rendered":"<p>Miami, Estados Unidos, 22 mar (PL) El estelar tenista suizo Roger Federer asegur\u00f3 hoy aqu\u00ed que continuar\u00e1 activo en el circuito profesional y que todav\u00eda la palabra retiro est\u00e1 fuera de su cabeza. El retiro no est\u00e1 pensado. En este momento planifico mi trabajo mes a mes, podr\u00eda decir que voy a\u00f1o tras a\u00f1o, declar\u00f3 [&hellip;]<\/p>\n","protected":false},"author":3,"featured_media":0,"comment_status":"open","ping_status":"open","sticky":false,"template":"","format":"standard","meta":{"footnotes":""},"categories":[17],"tags":[],"class_list":["post-210054","post","type-post","status-publish","format-standard","hentry","category-deportes"],"_links":{"self":[{"href":"https:\/\/diariodominicano.com\/index.php?rest_route=\/wp\/v2\/posts\/210054","targetHints":{"allow":["GET"]}}],"collection":[{"href":"https:\/\/diariodominicano.com\/index.php?rest_route=\/wp\/v2\/posts"}],"about":[{"href":"https:\/\/diariodominicano.com\/index.php?rest_route=\/wp\/v2\/types\/post"}],"author":[{"embeddable":true,"href":"https:\/\/diariodominicano.com\/index.php?rest_route=\/wp\/v2\/users\/3"}],"replies":[{"embeddable":true,"href":"https:\/\/diariodominicano.com\/index.php?rest_route=%2Fwp%2Fv2%2Fcomments&post=210054"}],"version-history":[{"count":0,"href":"https:\/\/diariodominicano.com\/index.php?rest_route=\/wp\/v2\/posts\/210054\/revisions"}],"wp:attachment":[{"href":"https:\/\/diariodominicano.com\/index.php?rest_route=%2Fwp%2Fv2%2Fmedia&parent=210054"}],"wp:term":[{"taxonomy":"category","embeddable":true,"href":"https:\/\/diariodominicano.com\/index.php?rest_route=%2Fwp%2Fv2%2Fcategories&post=210054"},{"taxonomy":"post_tag","embeddable":true,"href":"https:\/\/diariodominicano.com\/index.php?rest_route=%2Fwp%2Fv2%2Ftags&post=210054"}],"curies":[{"name":"wp","href":"https:\/\/api.w.org\/{rel}","templated":true}]}}