{"id":210052,"date":"2017-03-22T14:36:38","date_gmt":"2017-03-22T14:36:38","guid":{"rendered":"http:\/\/diariodominicano.ddns.net\/?p=210052"},"modified":"2017-03-22T14:36:38","modified_gmt":"2017-03-22T14:36:38","slug":"greg-bird-se-perfila-como-el-inicialista-titular-de-los-yankees-para-el-2017","status":"publish","type":"post","link":"https:\/\/diariodominicano.com\/?p=210052","title":{"rendered":"Greg Bird se perfila como el inicialista titular de los Yankees para el 2017"},"content":{"rendered":"<p><body><\/p>\n<p><img decoding=\"async\" src=\"img3\/Greg_Bird_1280_89xikbar_78bm9iq6.jpg\" \/>  <\/p>\n<\/p>\n<p>TAMPA, Florida, 22 de marzo,  &#8211; Greg Bird ha despejado todas las dudas de los Yankees luego de perderse la campa\u00f1a del 2016 por una lesi\u00f3n en el hombro derecho y el club tiene previsto usar al novato como inicialista titular este a\u00f1o.<\/p>\n<\/p>\n<p>\u00abHa lucido muy bien, quiz\u00e1s mejor de lo que esperaba tomando en cuenta que perdi\u00f3 un a\u00f1o y te preocupa el timing,\u00bb dijo el manager de Nueva York, Joe Girardi. \u00abPero al parecer no se ha visto afectado\u00bb.<\/p>\n<p>Bird, de 24 a\u00f1os de edad, lleg\u00f3 a los entrenamientos compitiendo con Chris Carter, un bateador derecho, por tiempo de juego en la primera base. Girardi dijo que anticipa que Bird, quien batea a la zurda, sea quien m\u00e1s turnos tenga como inicialista.<\/p>\n<p>Bird lleg\u00f3 a la acci\u00f3n del mi\u00e9rcoles con promedio de .421, seis dobles, un triple, cuatro jonrones y seis remolcadas en 16 juegos en la Liga de la Toronja.<\/p>\n<p>De su parte, Carter lleva promedio de .118 con un bambinazo y tres carreras producidas en 14 juegos de pretemporada luego de firmar con Nueva York por un a\u00f1o y US$3.5 millones en febrero.<\/p>\n<p>Girardi agreg\u00f3 que Bird, quien empalm\u00f3 11 vuelacercas en 46 juegos de Grandes Ligas en la recta final de la temporada del 2015, tambi\u00e9n se ha visto bien en cuanto a la defensa se refiere.<\/p>\n<p>\u00abNo es el muchacho m\u00e1s veloz del mundo, pero creo que es muy bueno all\u00ed\u00bb, dijo el dirigente. \u00abMe agrada lo que ha hecho en la primera base\u00bb.<\/p>\n<h6> 2017-03-22 14:36:38 <\/h6>\n<p><!--\n<link rel=\"stylesheet\" href=\"css\/bootstrap.min.css\">\n\n\n<ul class=\"pagination\">\n\t    \n\t\n\n<li >\n\t<a href='?page_no=9293'>Previous<\/a>\n\t<\/li>\n\n\n       \n    \n\n<li><a href='?page_no=1'>1<\/a><\/li>\n\n\n\n<li><a href='?page_no=2'>2<\/a><\/li>\n\n\n\n<li><a>...<\/a><\/li>\n\n\n\n<li><a href='?page_no=9292'>9292<\/a><\/li>\n\n\n\n<li><a href='?page_no=9293'>9293<\/a><\/li>\n\n\n\n<li class='active'><a>9294<\/a><\/li>\n\n\n\n<li><a href='?page_no=9295'>9295<\/a><\/li>\n\n\n\n<li><a href='?page_no=9296'>9296<\/a><\/li>\n\n\n\n<li><a>...<\/a><\/li>\n\n\n\n<li><a href='?page_no=36618'>36618<\/a><\/li>\n\n\n\n<li><a href='?page_no=36619'>36619<\/a><\/li>\n\n    \n\t\n\n<li >\n\t<a href='?page_no=9295'>Next<\/a>\n\t<\/li>\n\n\n    \n\n<li><a href='?page_no=36619'>Last &rsaquo;&rsaquo;<\/a><\/li>\n\n<\/ul>\n\n\n--><br \/>\n<\/body><\/p>\n","protected":false},"excerpt":{"rendered":"<p>TAMPA, Florida, 22 de marzo, &#8211; Greg Bird ha despejado todas las dudas de los Yankees luego de perderse la campa\u00f1a del 2016 por una lesi\u00f3n en el hombro derecho y el club tiene previsto usar al novato como inicialista titular este a\u00f1o. \u00abHa lucido muy bien, quiz\u00e1s mejor de lo que esperaba tomando en [&hellip;]<\/p>\n","protected":false},"author":3,"featured_media":0,"comment_status":"open","ping_status":"open","sticky":false,"template":"","format":"standard","meta":{"footnotes":""},"categories":[17],"tags":[],"class_list":["post-210052","post","type-post","status-publish","format-standard","hentry","category-deportes"],"_links":{"self":[{"href":"https:\/\/diariodominicano.com\/index.php?rest_route=\/wp\/v2\/posts\/210052","targetHints":{"allow":["GET"]}}],"collection":[{"href":"https:\/\/diariodominicano.com\/index.php?rest_route=\/wp\/v2\/posts"}],"about":[{"href":"https:\/\/diariodominicano.com\/index.php?rest_route=\/wp\/v2\/types\/post"}],"author":[{"embeddable":true,"href":"https:\/\/diariodominicano.com\/index.php?rest_route=\/wp\/v2\/users\/3"}],"replies":[{"embeddable":true,"href":"https:\/\/diariodominicano.com\/index.php?rest_route=%2Fwp%2Fv2%2Fcomments&post=210052"}],"version-history":[{"count":0,"href":"https:\/\/diariodominicano.com\/index.php?rest_route=\/wp\/v2\/posts\/210052\/revisions"}],"wp:attachment":[{"href":"https:\/\/diariodominicano.com\/index.php?rest_route=%2Fwp%2Fv2%2Fmedia&parent=210052"}],"wp:term":[{"taxonomy":"category","embeddable":true,"href":"https:\/\/diariodominicano.com\/index.php?rest_route=%2Fwp%2Fv2%2Fcategories&post=210052"},{"taxonomy":"post_tag","embeddable":true,"href":"https:\/\/diariodominicano.com\/index.php?rest_route=%2Fwp%2Fv2%2Ftags&post=210052"}],"curies":[{"name":"wp","href":"https:\/\/api.w.org\/{rel}","templated":true}]}}