{"id":210046,"date":"2017-03-23T14:05:39","date_gmt":"2017-03-23T14:05:39","guid":{"rendered":"http:\/\/diariodominicano.ddns.net\/?p=210046"},"modified":"2017-03-23T14:05:39","modified_gmt":"2017-03-23T14:05:39","slug":"tour-de-francia-promovera-carrera-ciclistica-en-china","status":"publish","type":"post","link":"https:\/\/diariodominicano.com\/?p=210046","title":{"rendered":"Tour de Francia promover\u00e1 carrera cicl\u00edstica en China"},"content":{"rendered":"<p><body><\/p>\n<p><img decoding=\"async\" src=\"img3\/Tour-Francia.jpg\" \/>  <\/p>\n<\/p>\n<p>Shanghai, China, 23 mar (PL) El Tour de Francia realizar\u00e1 el 29 de octubre una carrera promocional en la urbe china de Shanghai para incentivar el inter\u00e9s de empresarios del pa\u00eds por la prueba reina del ciclismo mundial, anunciaron hoy sus organizadores.<\/p>\n<\/p>\n<p>Bajo la \u00e9gida de la Amaury Sports Organisation (ASO), organizadora de este evento deportivo, la carrera contar\u00e1 con la participaci\u00f3n de los competidores del Tour de Francia-2017 conjuntamente con ciclistas de la naci\u00f3n asi\u00e1tica.<\/p>\n<\/p>\n<p>El presidente de la ASO, Jean-Etienne Amaury, coment\u00f3 a la prensa que en China existe un inter\u00e9s creciente por esta disciplina, por lo cual se espera que en un futuro participen con sus equipos en el Tour.<\/p>\n<\/p>\n<p>En la historia de este certamen, solo un representante del Gigante Asi\u00e1tico, Cheng Ji, ha completado la Grande Boucle, en la edici\u00f3n de 2014, en la cual finaliz\u00f3 en el puesto 164 y \u00faltima posici\u00f3n de la clasificaci\u00f3n general individual.<\/p>\n<\/p>\n<p>Amaury agreg\u00f3 que, con esta carrera, se pretende adem\u00e1s recrear la atm\u00f3sfera del Tour en otro punto del mundo, la cual podr\u00eda fijarse cada a\u00f1o en China, incluso en otras de sus ciudades.<\/p>\n<h6> 2017-03-23 14:05:39 <\/h6>\n<p><!--\n<link rel=\"stylesheet\" href=\"css\/bootstrap.min.css\">\n\n\n<ul class=\"pagination\">\n\t    \n\t\n\n<li >\n\t<a href='?page_no=9288'>Previous<\/a>\n\t<\/li>\n\n\n       \n    \n\n<li><a href='?page_no=1'>1<\/a><\/li>\n\n\n\n<li><a href='?page_no=2'>2<\/a><\/li>\n\n\n\n<li><a>...<\/a><\/li>\n\n\n\n<li><a href='?page_no=9287'>9287<\/a><\/li>\n\n\n\n<li><a href='?page_no=9288'>9288<\/a><\/li>\n\n\n\n<li class='active'><a>9289<\/a><\/li>\n\n\n\n<li><a href='?page_no=9290'>9290<\/a><\/li>\n\n\n\n<li><a href='?page_no=9291'>9291<\/a><\/li>\n\n\n\n<li><a>...<\/a><\/li>\n\n\n\n<li><a href='?page_no=36618'>36618<\/a><\/li>\n\n\n\n<li><a href='?page_no=36619'>36619<\/a><\/li>\n\n    \n\t\n\n<li >\n\t<a href='?page_no=9290'>Next<\/a>\n\t<\/li>\n\n\n    \n\n<li><a href='?page_no=36619'>Last &rsaquo;&rsaquo;<\/a><\/li>\n\n<\/ul>\n\n\n--><br \/>\n<\/body><\/p>\n","protected":false},"excerpt":{"rendered":"<p>Shanghai, China, 23 mar (PL) El Tour de Francia realizar\u00e1 el 29 de octubre una carrera promocional en la urbe china de Shanghai para incentivar el inter\u00e9s de empresarios del pa\u00eds por la prueba reina del ciclismo mundial, anunciaron hoy sus organizadores. Bajo la \u00e9gida de la Amaury Sports Organisation (ASO), organizadora de este evento [&hellip;]<\/p>\n","protected":false},"author":3,"featured_media":0,"comment_status":"open","ping_status":"open","sticky":false,"template":"","format":"standard","meta":{"footnotes":""},"categories":[17],"tags":[],"class_list":["post-210046","post","type-post","status-publish","format-standard","hentry","category-deportes"],"_links":{"self":[{"href":"https:\/\/diariodominicano.com\/index.php?rest_route=\/wp\/v2\/posts\/210046","targetHints":{"allow":["GET"]}}],"collection":[{"href":"https:\/\/diariodominicano.com\/index.php?rest_route=\/wp\/v2\/posts"}],"about":[{"href":"https:\/\/diariodominicano.com\/index.php?rest_route=\/wp\/v2\/types\/post"}],"author":[{"embeddable":true,"href":"https:\/\/diariodominicano.com\/index.php?rest_route=\/wp\/v2\/users\/3"}],"replies":[{"embeddable":true,"href":"https:\/\/diariodominicano.com\/index.php?rest_route=%2Fwp%2Fv2%2Fcomments&post=210046"}],"version-history":[{"count":0,"href":"https:\/\/diariodominicano.com\/index.php?rest_route=\/wp\/v2\/posts\/210046\/revisions"}],"wp:attachment":[{"href":"https:\/\/diariodominicano.com\/index.php?rest_route=%2Fwp%2Fv2%2Fmedia&parent=210046"}],"wp:term":[{"taxonomy":"category","embeddable":true,"href":"https:\/\/diariodominicano.com\/index.php?rest_route=%2Fwp%2Fv2%2Fcategories&post=210046"},{"taxonomy":"post_tag","embeddable":true,"href":"https:\/\/diariodominicano.com\/index.php?rest_route=%2Fwp%2Fv2%2Ftags&post=210046"}],"curies":[{"name":"wp","href":"https:\/\/api.w.org\/{rel}","templated":true}]}}