{"id":210034,"date":"2017-03-24T14:03:39","date_gmt":"2017-03-24T14:03:39","guid":{"rendered":"http:\/\/diariodominicano.ddns.net\/?p=210034"},"modified":"2017-03-24T14:03:39","modified_gmt":"2017-03-24T14:03:39","slug":"cuba-buscara-un-boleto-a-campeonato-mundial-f-de-voleibol-sub-18","status":"publish","type":"post","link":"https:\/\/diariodominicano.com\/?p=210034","title":{"rendered":"Cuba buscar\u00e1 un boleto a Campeonato Mundial (f) de Voleibol sub-18"},"content":{"rendered":"<p><body><\/p>\n<p><img decoding=\"async\" src=\"img3\/Cuba-Voleibol.jpg\" \/>  <\/p>\n<\/p>\n<p><span class=\"text1noticias\">La Habana, 24 mar (PL) La selecci\u00f3n femenina cubana sub-18 de voleibol buscar\u00e1 en la Copa Panamericana de La Habana uno de los tres boletos para el Campeonato Mundial de la categor\u00eda en Argentina, asever\u00f3 hoy el DT Juan Carlos Cruz.<\/span><\/p>\n<\/p>\n<p><span class=\"text1noticias\">&#8216;Nuestro primer objetivo es clasificar para el Mundial. Hemos entrenado mucho y tenemos un equipo muy talentoso. Pero una vez logrado ese fin, queremos obtener una medalla. El conjunto es muy joven, con un promedio de edad de 15,7 a\u00f1os y talla de 1.83 metros&#8217;, dijo Cruz al diario cubano Juventud Rebelde.<\/span><\/p>\n<\/p>\n<p><span class=\"text1noticias\">El t\u00e9cnico de la isla dio a conocer la n\u00f3mina de 12 muchachas de su seleccionado que disputar\u00e1n desde el martes 28 de marzo la Copa Panamericana (f) sub-18 de voleibol en la Ciudad Deportiva de la capital cubana.<\/span><\/p>\n<\/p>\n<p><span class=\"text1noticias\">La escuadra caribe\u00f1a, que jugar\u00e1 con un esquema 5-1 en este torneo, est\u00e1 encabezada por la auxiliar de 16 a\u00f1os y 1.86 metros de estatura Aylama Ces\u00e9, quien asisti\u00f3 en el 2015 a los mundiales sub-20 y sub-18, y a la Copa Panamericana sub-23 en 2016.<\/span><\/p>\n<\/p>\n<p><span class=\"text1noticias\">Como regulares tambi\u00e9n aparecen la capitana Elizabeth Vicet, igualmente como auxiliar, as\u00ed como a Yamileydis Viltres y Dayma del R\u00edo de centrales; Evilania Mart\u00ednez ser\u00e1 la opuesta, en tanto Thal\u00eda Moreno la pasadora y Melissa \u00c1lvarez la l\u00edbero.<\/span><\/p>\n<\/p>\n<p><span class=\"text1noticias\">Otras jugadoras del conjunto son las auxiliares Ibismay Vila y Ang\u00e9lica Mar\u00eda Cabrera, la central Amelia Moroso, la atacadora cruzada Dadmara Navarro y la organizadora Yail\u00e9n Mar\u00eda Leslie.<\/span><\/p>\n<\/p>\n<p>En esta cita panamericana competir\u00e1n por el \u00e1rea de Norte, Centroam\u00e9rica y el Caribe (Norceca), en pos de dos cupos mundialistas, las escuadras de Cuba, Puerto Rico, Costa Rica, M\u00e9xico, Guatemala y Rep\u00fablica Dominicana (esta \u00faltima ya clasific\u00f3 para la lid mundialista).<\/p>\n<\/p>\n<p>La otra plaza ser\u00e1 para el mejor elenco de Suram\u00e9rica, entre los elencos de Colombia, Chile y Uruguay. Argentina participar\u00e1 pero tiene su cupo por ser la sede del torneo del orbe en agosto.<\/p>\n<\/p>\n<p>El sitio oficial de Norceca contempla en el grupo A a Puerto Rico, Chile y Argentina; en el B estar\u00e1n Costa Rica, Colombia y Cuba, mientras en el C lo har\u00e1n el favorito Rep\u00fablica Dominicana, Guatemala, M\u00e9xico y Uruguay.<\/p>\n<\/p>\n<p>Los dos mejores punteros avanzan directamente a las semifinales y esperar\u00e1n a que se definan en cuartos de final sus respectivos adversarios, entre el otro primer puesto de grupo y los ubicados en segundos esca\u00f1os, en un sistema cruzado.<\/p>\n<h6> 2017-03-24 14:03:39 <\/h6>\n<p><!--\n<link rel=\"stylesheet\" href=\"css\/bootstrap.min.css\">\n\n\n<ul class=\"pagination\">\n\t    \n\t\n\n<li >\n\t<a href='?page_no=9277'>Previous<\/a>\n\t<\/li>\n\n\n       \n    \n\n<li><a href='?page_no=1'>1<\/a><\/li>\n\n\n\n<li><a href='?page_no=2'>2<\/a><\/li>\n\n\n\n<li><a>...<\/a><\/li>\n\n\n\n<li><a href='?page_no=9276'>9276<\/a><\/li>\n\n\n\n<li><a href='?page_no=9277'>9277<\/a><\/li>\n\n\n\n<li class='active'><a>9278<\/a><\/li>\n\n\n\n<li><a href='?page_no=9279'>9279<\/a><\/li>\n\n\n\n<li><a href='?page_no=9280'>9280<\/a><\/li>\n\n\n\n<li><a>...<\/a><\/li>\n\n\n\n<li><a href='?page_no=36618'>36618<\/a><\/li>\n\n\n\n<li><a href='?page_no=36619'>36619<\/a><\/li>\n\n    \n\t\n\n<li >\n\t<a href='?page_no=9279'>Next<\/a>\n\t<\/li>\n\n\n    \n\n<li><a href='?page_no=36619'>Last &rsaquo;&rsaquo;<\/a><\/li>\n\n<\/ul>\n\n\n--><br \/>\n<\/body><\/p>\n","protected":false},"excerpt":{"rendered":"<p>La Habana, 24 mar (PL) La selecci\u00f3n femenina cubana sub-18 de voleibol buscar\u00e1 en la Copa Panamericana de La Habana uno de los tres boletos para el Campeonato Mundial de la categor\u00eda en Argentina, asever\u00f3 hoy el DT Juan Carlos Cruz. &#8216;Nuestro primer objetivo es clasificar para el Mundial. Hemos entrenado mucho y tenemos un [&hellip;]<\/p>\n","protected":false},"author":3,"featured_media":0,"comment_status":"open","ping_status":"open","sticky":false,"template":"","format":"standard","meta":{"footnotes":""},"categories":[17],"tags":[],"class_list":["post-210034","post","type-post","status-publish","format-standard","hentry","category-deportes"],"_links":{"self":[{"href":"https:\/\/diariodominicano.com\/index.php?rest_route=\/wp\/v2\/posts\/210034","targetHints":{"allow":["GET"]}}],"collection":[{"href":"https:\/\/diariodominicano.com\/index.php?rest_route=\/wp\/v2\/posts"}],"about":[{"href":"https:\/\/diariodominicano.com\/index.php?rest_route=\/wp\/v2\/types\/post"}],"author":[{"embeddable":true,"href":"https:\/\/diariodominicano.com\/index.php?rest_route=\/wp\/v2\/users\/3"}],"replies":[{"embeddable":true,"href":"https:\/\/diariodominicano.com\/index.php?rest_route=%2Fwp%2Fv2%2Fcomments&post=210034"}],"version-history":[{"count":0,"href":"https:\/\/diariodominicano.com\/index.php?rest_route=\/wp\/v2\/posts\/210034\/revisions"}],"wp:attachment":[{"href":"https:\/\/diariodominicano.com\/index.php?rest_route=%2Fwp%2Fv2%2Fmedia&parent=210034"}],"wp:term":[{"taxonomy":"category","embeddable":true,"href":"https:\/\/diariodominicano.com\/index.php?rest_route=%2Fwp%2Fv2%2Fcategories&post=210034"},{"taxonomy":"post_tag","embeddable":true,"href":"https:\/\/diariodominicano.com\/index.php?rest_route=%2Fwp%2Fv2%2Ftags&post=210034"}],"curies":[{"name":"wp","href":"https:\/\/api.w.org\/{rel}","templated":true}]}}