{"id":210029,"date":"2017-03-24T14:24:31","date_gmt":"2017-03-24T14:24:31","guid":{"rendered":"http:\/\/diariodominicano.ddns.net\/?p=210029"},"modified":"2017-03-24T14:24:31","modified_gmt":"2017-03-24T14:24:31","slug":"por-tercer-ano-consecutivo-dallas-keuchel-abrira-por-los-astros-en-el-dia-inaugural","status":"publish","type":"post","link":"https:\/\/diariodominicano.com\/?p=210029","title":{"rendered":"Por tercer a\u00f1o consecutivo, Dallas Keuchel abrir\u00e1 por los Astros en el D\u00eda Inaugural"},"content":{"rendered":"<p><body><\/p>\n<p><img decoding=\"async\" src=\"img3\/Keuchel280_mxnqt9if_gnqnhhwc.jpg\" \/>  <\/p>\n<\/p>\n<p>PORT ST. LUCIE, Florida, 24 de marzo,  &#8211; El capataz de los Astros, A.J. Hinch, anunci\u00f3 el viernes que el diestro Dallas Keuchel abrir\u00e1 por Houston en el D\u00eda Ianugural por tercer a\u00f1o consecutivo.<\/p>\n<\/p>\n<p>Los Astros empiezan su temporada el 3 de abril ante los Marineros en el Minute Maid Park.<\/p>\n<p>En tres aperturas en la Liga de la Toronja en lo que va de la pretemporada, Keuchel ha registrado promedio de carreras limpias de 1.50 en 12 innings de labor.<\/p>\n<p>Keuchel, ganador del Premio Cy Young en la Liga Americana en el 2015, tuvo foja de 9-12 con efectividad 4.55 en 26 salidas por Houston en el 2016.<\/p>\n<h6> 2017-03-24 14:24:31 <\/h6>\n<p><!--\n<link rel=\"stylesheet\" href=\"css\/bootstrap.min.css\">\n\n\n<ul class=\"pagination\">\n\t    \n\t\n\n<li >\n\t<a href='?page_no=9272'>Previous<\/a>\n\t<\/li>\n\n\n       \n    \n\n<li><a href='?page_no=1'>1<\/a><\/li>\n\n\n\n<li><a href='?page_no=2'>2<\/a><\/li>\n\n\n\n<li><a>...<\/a><\/li>\n\n\n\n<li><a href='?page_no=9271'>9271<\/a><\/li>\n\n\n\n<li><a href='?page_no=9272'>9272<\/a><\/li>\n\n\n\n<li class='active'><a>9273<\/a><\/li>\n\n\n\n<li><a href='?page_no=9274'>9274<\/a><\/li>\n\n\n\n<li><a href='?page_no=9275'>9275<\/a><\/li>\n\n\n\n<li><a>...<\/a><\/li>\n\n\n\n<li><a href='?page_no=36618'>36618<\/a><\/li>\n\n\n\n<li><a href='?page_no=36619'>36619<\/a><\/li>\n\n    \n\t\n\n<li >\n\t<a href='?page_no=9274'>Next<\/a>\n\t<\/li>\n\n\n    \n\n<li><a href='?page_no=36619'>Last &rsaquo;&rsaquo;<\/a><\/li>\n\n<\/ul>\n\n\n--><br \/>\n<\/body><\/p>\n","protected":false},"excerpt":{"rendered":"<p>PORT ST. LUCIE, Florida, 24 de marzo, &#8211; El capataz de los Astros, A.J. Hinch, anunci\u00f3 el viernes que el diestro Dallas Keuchel abrir\u00e1 por Houston en el D\u00eda Ianugural por tercer a\u00f1o consecutivo. Los Astros empiezan su temporada el 3 de abril ante los Marineros en el Minute Maid Park. En tres aperturas en [&hellip;]<\/p>\n","protected":false},"author":3,"featured_media":0,"comment_status":"open","ping_status":"open","sticky":false,"template":"","format":"standard","meta":{"footnotes":""},"categories":[17],"tags":[],"class_list":["post-210029","post","type-post","status-publish","format-standard","hentry","category-deportes"],"_links":{"self":[{"href":"https:\/\/diariodominicano.com\/index.php?rest_route=\/wp\/v2\/posts\/210029","targetHints":{"allow":["GET"]}}],"collection":[{"href":"https:\/\/diariodominicano.com\/index.php?rest_route=\/wp\/v2\/posts"}],"about":[{"href":"https:\/\/diariodominicano.com\/index.php?rest_route=\/wp\/v2\/types\/post"}],"author":[{"embeddable":true,"href":"https:\/\/diariodominicano.com\/index.php?rest_route=\/wp\/v2\/users\/3"}],"replies":[{"embeddable":true,"href":"https:\/\/diariodominicano.com\/index.php?rest_route=%2Fwp%2Fv2%2Fcomments&post=210029"}],"version-history":[{"count":0,"href":"https:\/\/diariodominicano.com\/index.php?rest_route=\/wp\/v2\/posts\/210029\/revisions"}],"wp:attachment":[{"href":"https:\/\/diariodominicano.com\/index.php?rest_route=%2Fwp%2Fv2%2Fmedia&parent=210029"}],"wp:term":[{"taxonomy":"category","embeddable":true,"href":"https:\/\/diariodominicano.com\/index.php?rest_route=%2Fwp%2Fv2%2Fcategories&post=210029"},{"taxonomy":"post_tag","embeddable":true,"href":"https:\/\/diariodominicano.com\/index.php?rest_route=%2Fwp%2Fv2%2Ftags&post=210029"}],"curies":[{"name":"wp","href":"https:\/\/api.w.org\/{rel}","templated":true}]}}