{"id":210027,"date":"2017-03-24T14:32:07","date_gmt":"2017-03-24T14:32:07","guid":{"rendered":"http:\/\/diariodominicano.ddns.net\/?p=210027"},"modified":"2017-03-24T14:32:07","modified_gmt":"2017-03-24T14:32:07","slug":"barcelona-quiere-alinear-juntos-a-messi-y-dybala","status":"publish","type":"post","link":"https:\/\/diariodominicano.com\/?p=210027","title":{"rendered":"Barcelona quiere alinear juntos a Messi y Dybala"},"content":{"rendered":"<p><body><\/p>\n<p><img decoding=\"async\" src=\"img3\/Messi-Dybala.jpg\" \/>  <\/p>\n<\/p>\n<p>Barcelona, Espa\u00f1a, 24 mar (PL) El club espa\u00f1ol Barcelona elabora un plan para que el delantero argentino Paulo Dybala comparta equipo con su compatriota e \u00eddolo Lionel Messi, afirma hoy el diario catal\u00e1n Mundo Deportivo.<\/p>\n<\/p>\n<p>El peri\u00f3dico asegura que el proyecto cuenta con el aval de Messi, quien se espera firme en breve la extensi\u00f3n de su v\u00ednculo con el plantel blaugrana.<\/p>\n<\/p>\n<p>La publicaci\u00f3n recuerda que Dybala est\u00e1 decidido a dejar el once italiano Juventus tras la actual temporada, aunque logre un in\u00e9dito sexto t\u00edtulo dom\u00e9stico en fila o avance en la Liga de Campeones.<\/p>\n<\/p>\n<p>Precisamente, ambos conjuntos chocar\u00e1n en cuartos de final del torneo continental, por lo que Messi y Dybala estar\u00e1n frente a frente tras compartir plantel por estos d\u00edas en la selecci\u00f3n argentina.<\/p>\n<\/p>\n<p>Seg\u00fan la fuente, Barcelona prepara una oferta imposible de rechazar, pese a que el club turin\u00e9s anticip\u00f3 que no soltar\u00e1 a Dybala por menos de 120 millones de euros, cifra por la que dej\u00f3 partir al franc\u00e9s Paul Pogba al Manchester United ingl\u00e9s esta campa\u00f1a.<\/p>\n<\/p>\n<p>Dybala, de 23 a\u00f1os, lleg\u00f3 a Juventus en 2015 a cambio de 32 millones de euros, 20 millones m\u00e1s de los que el vecino Palermo hab\u00eda pagado por su pase a Instituto de C\u00f3rdoba, la provincia natal del atacante.<\/p>\n<h6> 2017-03-24 14:32:07 <\/h6>\n<p><!--\n<link rel=\"stylesheet\" href=\"css\/bootstrap.min.css\">\n\n\n<ul class=\"pagination\">\n\t    \n\t\n\n<li >\n\t<a href='?page_no=9270'>Previous<\/a>\n\t<\/li>\n\n\n       \n    \n\n<li><a href='?page_no=1'>1<\/a><\/li>\n\n\n\n<li><a href='?page_no=2'>2<\/a><\/li>\n\n\n\n<li><a>...<\/a><\/li>\n\n\n\n<li><a href='?page_no=9269'>9269<\/a><\/li>\n\n\n\n<li><a href='?page_no=9270'>9270<\/a><\/li>\n\n\n\n<li class='active'><a>9271<\/a><\/li>\n\n\n\n<li><a href='?page_no=9272'>9272<\/a><\/li>\n\n\n\n<li><a href='?page_no=9273'>9273<\/a><\/li>\n\n\n\n<li><a>...<\/a><\/li>\n\n\n\n<li><a href='?page_no=36618'>36618<\/a><\/li>\n\n\n\n<li><a href='?page_no=36619'>36619<\/a><\/li>\n\n    \n\t\n\n<li >\n\t<a href='?page_no=9272'>Next<\/a>\n\t<\/li>\n\n\n    \n\n<li><a href='?page_no=36619'>Last &rsaquo;&rsaquo;<\/a><\/li>\n\n<\/ul>\n\n\n--><br \/>\n<\/body><\/p>\n","protected":false},"excerpt":{"rendered":"<p>Barcelona, Espa\u00f1a, 24 mar (PL) El club espa\u00f1ol Barcelona elabora un plan para que el delantero argentino Paulo Dybala comparta equipo con su compatriota e \u00eddolo Lionel Messi, afirma hoy el diario catal\u00e1n Mundo Deportivo. El peri\u00f3dico asegura que el proyecto cuenta con el aval de Messi, quien se espera firme en breve la extensi\u00f3n [&hellip;]<\/p>\n","protected":false},"author":3,"featured_media":0,"comment_status":"open","ping_status":"open","sticky":false,"template":"","format":"standard","meta":{"footnotes":""},"categories":[17],"tags":[],"class_list":["post-210027","post","type-post","status-publish","format-standard","hentry","category-deportes"],"_links":{"self":[{"href":"https:\/\/diariodominicano.com\/index.php?rest_route=\/wp\/v2\/posts\/210027","targetHints":{"allow":["GET"]}}],"collection":[{"href":"https:\/\/diariodominicano.com\/index.php?rest_route=\/wp\/v2\/posts"}],"about":[{"href":"https:\/\/diariodominicano.com\/index.php?rest_route=\/wp\/v2\/types\/post"}],"author":[{"embeddable":true,"href":"https:\/\/diariodominicano.com\/index.php?rest_route=\/wp\/v2\/users\/3"}],"replies":[{"embeddable":true,"href":"https:\/\/diariodominicano.com\/index.php?rest_route=%2Fwp%2Fv2%2Fcomments&post=210027"}],"version-history":[{"count":0,"href":"https:\/\/diariodominicano.com\/index.php?rest_route=\/wp\/v2\/posts\/210027\/revisions"}],"wp:attachment":[{"href":"https:\/\/diariodominicano.com\/index.php?rest_route=%2Fwp%2Fv2%2Fmedia&parent=210027"}],"wp:term":[{"taxonomy":"category","embeddable":true,"href":"https:\/\/diariodominicano.com\/index.php?rest_route=%2Fwp%2Fv2%2Fcategories&post=210027"},{"taxonomy":"post_tag","embeddable":true,"href":"https:\/\/diariodominicano.com\/index.php?rest_route=%2Fwp%2Fv2%2Ftags&post=210027"}],"curies":[{"name":"wp","href":"https:\/\/api.w.org\/{rel}","templated":true}]}}