{"id":210024,"date":"2017-03-25T09:15:11","date_gmt":"2017-03-25T09:15:11","guid":{"rendered":"http:\/\/diariodominicano.ddns.net\/?p=210024"},"modified":"2017-03-25T09:15:11","modified_gmt":"2017-03-25T09:15:11","slug":"el-dominicano-edinson-volquez-lanzara-el-juego-inaugural-por-miami","status":"publish","type":"post","link":"https:\/\/diariodominicano.com\/?p=210024","title":{"rendered":"El dominicano Edinson V\u00f3lquez lanzar\u00e1 el juego inaugural por Miami"},"content":{"rendered":"<p><body><\/p>\n<p><img decoding=\"async\" src=\"img3\/volquez.jpg\" \/>  <\/p>\n<p>JUPITER, Florida, 25 de marzo.- La consistencia es el motivo principal por el que los Marlins han decidido que el dominicano Edinson V\u00f3lquez abrir\u00e1 en el D\u00eda Inaugural el 3 de abril contra los Nacionales en Washington. El capataz de la novena de Miami, Don Mattingly, hizo el anuncio de manera oficial el viernes.<\/p>\n<\/p>\n<p>\u00abEdinson es un muchacho que ha vivido muchas cosas\u00bb, dijo Mattingly. \u00abHa lanzado en el D\u00eda Inaugural. Ha lanzado en los playoffs. Ha sido un abridor s\u00f3lido y consistente\u00bb.<\/p>\n<\/p>\n<p>Mattingly tambi\u00e9n anunci\u00f3 que Dan Straily abrir\u00e1 el segundo juego de la temporada por los Marlins, seguido por Tom Koehler. El cuarto abridor del club ser\u00e1 el zurdo Wei-Yin Chen, quien estar\u00e1 en la lomita para el primer juego de la serie contra los Mets el 7 de abril en el Citi Field.<\/p>\n<p>Miami a\u00fan no ha revelado qui\u00e9n ser\u00e1 el quinto abridor del equipo. Los aspirantes a dicho puesto son los zurdos Adam Conley y Justin Nicolino y el derecho dominicano Jos\u00e9 Ure\u00f1a.<\/p>\n<h6> 2017-03-25 09:15:11 <\/h6>\n<p><!--\n<link rel=\"stylesheet\" href=\"css\/bootstrap.min.css\">\n\n\n<ul class=\"pagination\">\n\t    \n\t\n\n<li >\n\t<a href='?page_no=9268'>Previous<\/a>\n\t<\/li>\n\n\n       \n    \n\n<li><a href='?page_no=1'>1<\/a><\/li>\n\n\n\n<li><a href='?page_no=2'>2<\/a><\/li>\n\n\n\n<li><a>...<\/a><\/li>\n\n\n\n<li><a href='?page_no=9267'>9267<\/a><\/li>\n\n\n\n<li><a href='?page_no=9268'>9268<\/a><\/li>\n\n\n\n<li class='active'><a>9269<\/a><\/li>\n\n\n\n<li><a href='?page_no=9270'>9270<\/a><\/li>\n\n\n\n<li><a href='?page_no=9271'>9271<\/a><\/li>\n\n\n\n<li><a>...<\/a><\/li>\n\n\n\n<li><a href='?page_no=36618'>36618<\/a><\/li>\n\n\n\n<li><a href='?page_no=36619'>36619<\/a><\/li>\n\n    \n\t\n\n<li >\n\t<a href='?page_no=9270'>Next<\/a>\n\t<\/li>\n\n\n    \n\n<li><a href='?page_no=36619'>Last &rsaquo;&rsaquo;<\/a><\/li>\n\n<\/ul>\n\n\n--><br \/>\n<\/body><\/p>\n","protected":false},"excerpt":{"rendered":"<p>JUPITER, Florida, 25 de marzo.- La consistencia es el motivo principal por el que los Marlins han decidido que el dominicano Edinson V\u00f3lquez abrir\u00e1 en el D\u00eda Inaugural el 3 de abril contra los Nacionales en Washington. El capataz de la novena de Miami, Don Mattingly, hizo el anuncio de manera oficial el viernes. \u00abEdinson [&hellip;]<\/p>\n","protected":false},"author":3,"featured_media":0,"comment_status":"open","ping_status":"open","sticky":false,"template":"","format":"standard","meta":{"footnotes":""},"categories":[17],"tags":[],"class_list":["post-210024","post","type-post","status-publish","format-standard","hentry","category-deportes"],"_links":{"self":[{"href":"https:\/\/diariodominicano.com\/index.php?rest_route=\/wp\/v2\/posts\/210024","targetHints":{"allow":["GET"]}}],"collection":[{"href":"https:\/\/diariodominicano.com\/index.php?rest_route=\/wp\/v2\/posts"}],"about":[{"href":"https:\/\/diariodominicano.com\/index.php?rest_route=\/wp\/v2\/types\/post"}],"author":[{"embeddable":true,"href":"https:\/\/diariodominicano.com\/index.php?rest_route=\/wp\/v2\/users\/3"}],"replies":[{"embeddable":true,"href":"https:\/\/diariodominicano.com\/index.php?rest_route=%2Fwp%2Fv2%2Fcomments&post=210024"}],"version-history":[{"count":0,"href":"https:\/\/diariodominicano.com\/index.php?rest_route=\/wp\/v2\/posts\/210024\/revisions"}],"wp:attachment":[{"href":"https:\/\/diariodominicano.com\/index.php?rest_route=%2Fwp%2Fv2%2Fmedia&parent=210024"}],"wp:term":[{"taxonomy":"category","embeddable":true,"href":"https:\/\/diariodominicano.com\/index.php?rest_route=%2Fwp%2Fv2%2Fcategories&post=210024"},{"taxonomy":"post_tag","embeddable":true,"href":"https:\/\/diariodominicano.com\/index.php?rest_route=%2Fwp%2Fv2%2Ftags&post=210024"}],"curies":[{"name":"wp","href":"https:\/\/api.w.org\/{rel}","templated":true}]}}