{"id":210021,"date":"2017-03-25T15:00:34","date_gmt":"2017-03-25T15:00:34","guid":{"rendered":"http:\/\/diariodominicano.ddns.net\/?p=210021"},"modified":"2017-03-25T15:00:34","modified_gmt":"2017-03-25T15:00:34","slug":"yu-darvish-abrira-por-los-rangers-en-el-dia-inaugural","status":"publish","type":"post","link":"https:\/\/diariodominicano.com\/?p=210021","title":{"rendered":"Yu Darvish abrir\u00e1 por los Rangers en el D\u00eda Inaugural"},"content":{"rendered":"<p><body><\/p>\n<p><img decoding=\"async\" src=\"img3\/crossDomainAccess_ttj9b8j1_rs0m4zqh.jpg\" \/>  <\/p>\n<\/p>\n<p>MLB, 25 de marzo, -Yu Darvish ser\u00e1 el abridor en el D\u00eda Inaugural por los Rangers, anunci\u00f3 el club el s\u00e1bado. Esta ser\u00e1 la primera vez en su carrera que el japon\u00e9s suba a la loma en un D\u00eda Inaugural.<\/p>\n<\/p>\n<p>El derecho de 30 a\u00f1os de edad recibir\u00e1 la bola en el Globe Life Park en Arlington el 3 de abril, cuando Texas arranque la defensa de su t\u00edtulo del Oeste de la Liga Americana en contra de los Indios, actuales campeones del Joven Circuito.<\/p>\n<p>El tres veces convocado al Juego de Estrellas, quien est\u00e1 por arrancar su quinta temporada en la Gran Carpa, tuvo foja de 7-5 con efectividad de 3.41 y 132 ponches en 17 aperturas en su regreso de una cirug\u00eda Tommy John.<\/p>\n<p>Darvish ser\u00e1 el noveno abridor en el D\u00eda Inaugural por los Rangers en nueve campa\u00f1as. Cole Hamels fue el abridor en el D\u00eda Inaugural en 2016.<\/p>\n<h6> 2017-03-25 15:00:34 <\/h6>\n<p><!--\n<link rel=\"stylesheet\" href=\"css\/bootstrap.min.css\">\n\n\n<ul class=\"pagination\">\n\t    \n\t\n\n<li >\n\t<a href='?page_no=9265'>Previous<\/a>\n\t<\/li>\n\n\n       \n    \n\n<li><a href='?page_no=1'>1<\/a><\/li>\n\n\n\n<li><a href='?page_no=2'>2<\/a><\/li>\n\n\n\n<li><a>...<\/a><\/li>\n\n\n\n<li><a href='?page_no=9264'>9264<\/a><\/li>\n\n\n\n<li><a href='?page_no=9265'>9265<\/a><\/li>\n\n\n\n<li class='active'><a>9266<\/a><\/li>\n\n\n\n<li><a href='?page_no=9267'>9267<\/a><\/li>\n\n\n\n<li><a href='?page_no=9268'>9268<\/a><\/li>\n\n\n\n<li><a>...<\/a><\/li>\n\n\n\n<li><a href='?page_no=36618'>36618<\/a><\/li>\n\n\n\n<li><a href='?page_no=36619'>36619<\/a><\/li>\n\n    \n\t\n\n<li >\n\t<a href='?page_no=9267'>Next<\/a>\n\t<\/li>\n\n\n    \n\n<li><a href='?page_no=36619'>Last &rsaquo;&rsaquo;<\/a><\/li>\n\n<\/ul>\n\n\n--><br \/>\n<\/body><\/p>\n","protected":false},"excerpt":{"rendered":"<p>MLB, 25 de marzo, -Yu Darvish ser\u00e1 el abridor en el D\u00eda Inaugural por los Rangers, anunci\u00f3 el club el s\u00e1bado. Esta ser\u00e1 la primera vez en su carrera que el japon\u00e9s suba a la loma en un D\u00eda Inaugural. El derecho de 30 a\u00f1os de edad recibir\u00e1 la bola en el Globe Life Park [&hellip;]<\/p>\n","protected":false},"author":3,"featured_media":0,"comment_status":"open","ping_status":"open","sticky":false,"template":"","format":"standard","meta":{"footnotes":""},"categories":[17],"tags":[],"class_list":["post-210021","post","type-post","status-publish","format-standard","hentry","category-deportes"],"_links":{"self":[{"href":"https:\/\/diariodominicano.com\/index.php?rest_route=\/wp\/v2\/posts\/210021","targetHints":{"allow":["GET"]}}],"collection":[{"href":"https:\/\/diariodominicano.com\/index.php?rest_route=\/wp\/v2\/posts"}],"about":[{"href":"https:\/\/diariodominicano.com\/index.php?rest_route=\/wp\/v2\/types\/post"}],"author":[{"embeddable":true,"href":"https:\/\/diariodominicano.com\/index.php?rest_route=\/wp\/v2\/users\/3"}],"replies":[{"embeddable":true,"href":"https:\/\/diariodominicano.com\/index.php?rest_route=%2Fwp%2Fv2%2Fcomments&post=210021"}],"version-history":[{"count":0,"href":"https:\/\/diariodominicano.com\/index.php?rest_route=\/wp\/v2\/posts\/210021\/revisions"}],"wp:attachment":[{"href":"https:\/\/diariodominicano.com\/index.php?rest_route=%2Fwp%2Fv2%2Fmedia&parent=210021"}],"wp:term":[{"taxonomy":"category","embeddable":true,"href":"https:\/\/diariodominicano.com\/index.php?rest_route=%2Fwp%2Fv2%2Fcategories&post=210021"},{"taxonomy":"post_tag","embeddable":true,"href":"https:\/\/diariodominicano.com\/index.php?rest_route=%2Fwp%2Fv2%2Ftags&post=210021"}],"curies":[{"name":"wp","href":"https:\/\/api.w.org\/{rel}","templated":true}]}}