{"id":210017,"date":"2017-03-25T15:14:18","date_gmt":"2017-03-25T15:14:18","guid":{"rendered":"http:\/\/diariodominicano.ddns.net\/?p=210017"},"modified":"2017-03-25T15:14:18","modified_gmt":"2017-03-25T15:14:18","slug":"impey-gana-sexta-etapa-valverde-lider-en-vuelta-ciclista-a-cataluna","status":"publish","type":"post","link":"https:\/\/diariodominicano.com\/?p=210017","title":{"rendered":"Impey gana sexta etapa, Valverde l\u00edder en Vuelta ciclista a Catalu\u00f1a"},"content":{"rendered":"<p><body><\/p>\n<p><img decoding=\"async\" src=\"img3\/ciclista_84012.jpg\" \/>  <\/p>\n<\/p>\n<\/p>\n<p><span class=\"text1noticias\">Barcelona, Espa\u00f1a, 25 mar (PL) El ciclista sudafricano Daryl Impey se impuso hoy en la sexta etapa de la Vuelta a Catalu\u00f1a, mientras los espa\u00f1oles Alejandro Valverde y Alberto Contador quedaron en el 1-2 de la clasificaci\u00f3n general.<\/span><\/p>\n<\/p>\n<p><span class=\"text1noticias\">Impey, del equipo Orica-Scott, super\u00f3 en el estambre a Valverde para llevarse la victoria en esta pen\u00faltima ronda del certamen, disputada sobre 189.7 kil\u00f3metros entre las localidades de Tortosa y Reus.<\/span><\/p>\n<\/p>\n<p><span class=\"text1noticias\">El sudafricano complet\u00f3 la distancia en 4:24.14 horas.<\/span><\/p>\n<\/p>\n<p><span class=\"text1noticias\">Luego de ese resultado, Valverde permanece en la cima de la general con registro global de 22:18.35 horas, seguido por Contador, a 53 segundos.<\/span><\/p>\n<\/p>\n<p><span class=\"text1noticias\">Para ma\u00f1ana est\u00e1n prevista la s\u00e9ptima y \u00faltima etapa, un recorrido de 138.7 kil\u00f3metros con salida y meta en Barcelona.<\/span><\/p>\n<h6> 2017-03-25 15:14:18 <\/h6>\n<p><!--\n<link rel=\"stylesheet\" href=\"css\/bootstrap.min.css\">\n\n\n<ul class=\"pagination\">\n\t    \n\t\n\n<li >\n\t<a href='?page_no=9261'>Previous<\/a>\n\t<\/li>\n\n\n       \n    \n\n<li><a href='?page_no=1'>1<\/a><\/li>\n\n\n\n<li><a href='?page_no=2'>2<\/a><\/li>\n\n\n\n<li><a>...<\/a><\/li>\n\n\n\n<li><a href='?page_no=9260'>9260<\/a><\/li>\n\n\n\n<li><a href='?page_no=9261'>9261<\/a><\/li>\n\n\n\n<li class='active'><a>9262<\/a><\/li>\n\n\n\n<li><a href='?page_no=9263'>9263<\/a><\/li>\n\n\n\n<li><a href='?page_no=9264'>9264<\/a><\/li>\n\n\n\n<li><a>...<\/a><\/li>\n\n\n\n<li><a href='?page_no=36618'>36618<\/a><\/li>\n\n\n\n<li><a href='?page_no=36619'>36619<\/a><\/li>\n\n    \n\t\n\n<li >\n\t<a href='?page_no=9263'>Next<\/a>\n\t<\/li>\n\n\n    \n\n<li><a href='?page_no=36619'>Last &rsaquo;&rsaquo;<\/a><\/li>\n\n<\/ul>\n\n\n--><br \/>\n<\/body><\/p>\n","protected":false},"excerpt":{"rendered":"<p>Barcelona, Espa\u00f1a, 25 mar (PL) El ciclista sudafricano Daryl Impey se impuso hoy en la sexta etapa de la Vuelta a Catalu\u00f1a, mientras los espa\u00f1oles Alejandro Valverde y Alberto Contador quedaron en el 1-2 de la clasificaci\u00f3n general. Impey, del equipo Orica-Scott, super\u00f3 en el estambre a Valverde para llevarse la victoria en esta pen\u00faltima [&hellip;]<\/p>\n","protected":false},"author":3,"featured_media":0,"comment_status":"open","ping_status":"open","sticky":false,"template":"","format":"standard","meta":{"footnotes":""},"categories":[17],"tags":[],"class_list":["post-210017","post","type-post","status-publish","format-standard","hentry","category-deportes"],"_links":{"self":[{"href":"https:\/\/diariodominicano.com\/index.php?rest_route=\/wp\/v2\/posts\/210017","targetHints":{"allow":["GET"]}}],"collection":[{"href":"https:\/\/diariodominicano.com\/index.php?rest_route=\/wp\/v2\/posts"}],"about":[{"href":"https:\/\/diariodominicano.com\/index.php?rest_route=\/wp\/v2\/types\/post"}],"author":[{"embeddable":true,"href":"https:\/\/diariodominicano.com\/index.php?rest_route=\/wp\/v2\/users\/3"}],"replies":[{"embeddable":true,"href":"https:\/\/diariodominicano.com\/index.php?rest_route=%2Fwp%2Fv2%2Fcomments&post=210017"}],"version-history":[{"count":0,"href":"https:\/\/diariodominicano.com\/index.php?rest_route=\/wp\/v2\/posts\/210017\/revisions"}],"wp:attachment":[{"href":"https:\/\/diariodominicano.com\/index.php?rest_route=%2Fwp%2Fv2%2Fmedia&parent=210017"}],"wp:term":[{"taxonomy":"category","embeddable":true,"href":"https:\/\/diariodominicano.com\/index.php?rest_route=%2Fwp%2Fv2%2Fcategories&post=210017"},{"taxonomy":"post_tag","embeddable":true,"href":"https:\/\/diariodominicano.com\/index.php?rest_route=%2Fwp%2Fv2%2Ftags&post=210017"}],"curies":[{"name":"wp","href":"https:\/\/api.w.org\/{rel}","templated":true}]}}