{"id":210011,"date":"2017-03-27T13:48:38","date_gmt":"2017-03-27T13:48:38","guid":{"rendered":"http:\/\/diariodominicano.ddns.net\/?p=210011"},"modified":"2017-03-27T13:48:38","modified_gmt":"2017-03-27T13:48:38","slug":"robinson-cano-y-nelson-cruz-se-reintegran-a-marineros-tras-malestares","status":"publish","type":"post","link":"https:\/\/diariodominicano.com\/?p=210011","title":{"rendered":"Robinson Can\u00f3 y Nelson Cruz se reintegran a Marineros tras malestares"},"content":{"rendered":"<p><body><\/p>\n<p><img decoding=\"async\" src=\"img3\/cano y cruz se integran.jpg\" \/>  <\/p>\n<\/p>\n<p>PEORIA, Arizona, 27 de narzo,  &#8211; Luego de perderse cuatro d\u00edas debido a graves gripas, los ca\u00f1oneros dominicanos Robinson Can\u00f3 y Nelson Cruz regresaron a los entrenamientos de los Marineros la ma\u00f1ana del lunes, aunque ninguno fue parte de la alineaci\u00f3n para el partido de la Liga del Cactus contra los Padres.<\/p>\n<\/p>\n<p>Los quisqueyanos dijeron que se sent\u00edan mejor y el dirigente de Seattle, Scott Servais, anticipa que ambos jugadores vean acci\u00f3n el martes contra los D-backs.<\/p>\n<p>Despu\u00e9s de la jornada del lunes, a los Marineros les resta cuatro partidos de pretemporada, adem\u00e1s de un d\u00eda libre el jueves, por eso Servais piensa que el intermedista y el guardabosque cuentan con el suficiente tiempo para estar listos para el D\u00eda Inaugural la pr\u00f3xima semana.<\/p>\n<p>\u00abSi estos muchachos tuvieran 24 a\u00f1os, estar\u00eda un poco m\u00e1s alarmado\u00bb, manifest\u00f3 Servais. \u00abA estas alturas de sus carreras, ya saben qu\u00e9 hacer. Y a una semana del arranque de la temporada regular, ya est\u00e1n jugando a un alto nivel. Por eso creo que no tendr\u00e1n problemas. No me preocupa para nada\u00bb.<\/p>\n<h6> 2017-03-27 13:48:38 <\/h6>\n<p><!--\n<link rel=\"stylesheet\" href=\"css\/bootstrap.min.css\">\n\n\n<ul class=\"pagination\">\n\t    \n\t\n\n<li >\n\t<a href='?page_no=9256'>Previous<\/a>\n\t<\/li>\n\n\n       \n    \n\n<li><a href='?page_no=1'>1<\/a><\/li>\n\n\n\n<li><a href='?page_no=2'>2<\/a><\/li>\n\n\n\n<li><a>...<\/a><\/li>\n\n\n\n<li><a href='?page_no=9255'>9255<\/a><\/li>\n\n\n\n<li><a href='?page_no=9256'>9256<\/a><\/li>\n\n\n\n<li class='active'><a>9257<\/a><\/li>\n\n\n\n<li><a href='?page_no=9258'>9258<\/a><\/li>\n\n\n\n<li><a href='?page_no=9259'>9259<\/a><\/li>\n\n\n\n<li><a>...<\/a><\/li>\n\n\n\n<li><a href='?page_no=36618'>36618<\/a><\/li>\n\n\n\n<li><a href='?page_no=36619'>36619<\/a><\/li>\n\n    \n\t\n\n<li >\n\t<a href='?page_no=9258'>Next<\/a>\n\t<\/li>\n\n\n    \n\n<li><a href='?page_no=36619'>Last &rsaquo;&rsaquo;<\/a><\/li>\n\n<\/ul>\n\n\n--><br \/>\n<\/body><\/p>\n","protected":false},"excerpt":{"rendered":"<p>PEORIA, Arizona, 27 de narzo, &#8211; Luego de perderse cuatro d\u00edas debido a graves gripas, los ca\u00f1oneros dominicanos Robinson Can\u00f3 y Nelson Cruz regresaron a los entrenamientos de los Marineros la ma\u00f1ana del lunes, aunque ninguno fue parte de la alineaci\u00f3n para el partido de la Liga del Cactus contra los Padres. Los quisqueyanos dijeron [&hellip;]<\/p>\n","protected":false},"author":3,"featured_media":0,"comment_status":"open","ping_status":"open","sticky":false,"template":"","format":"standard","meta":{"footnotes":""},"categories":[17],"tags":[],"class_list":["post-210011","post","type-post","status-publish","format-standard","hentry","category-deportes"],"_links":{"self":[{"href":"https:\/\/diariodominicano.com\/index.php?rest_route=\/wp\/v2\/posts\/210011","targetHints":{"allow":["GET"]}}],"collection":[{"href":"https:\/\/diariodominicano.com\/index.php?rest_route=\/wp\/v2\/posts"}],"about":[{"href":"https:\/\/diariodominicano.com\/index.php?rest_route=\/wp\/v2\/types\/post"}],"author":[{"embeddable":true,"href":"https:\/\/diariodominicano.com\/index.php?rest_route=\/wp\/v2\/users\/3"}],"replies":[{"embeddable":true,"href":"https:\/\/diariodominicano.com\/index.php?rest_route=%2Fwp%2Fv2%2Fcomments&post=210011"}],"version-history":[{"count":0,"href":"https:\/\/diariodominicano.com\/index.php?rest_route=\/wp\/v2\/posts\/210011\/revisions"}],"wp:attachment":[{"href":"https:\/\/diariodominicano.com\/index.php?rest_route=%2Fwp%2Fv2%2Fmedia&parent=210011"}],"wp:term":[{"taxonomy":"category","embeddable":true,"href":"https:\/\/diariodominicano.com\/index.php?rest_route=%2Fwp%2Fv2%2Fcategories&post=210011"},{"taxonomy":"post_tag","embeddable":true,"href":"https:\/\/diariodominicano.com\/index.php?rest_route=%2Fwp%2Fv2%2Ftags&post=210011"}],"curies":[{"name":"wp","href":"https:\/\/api.w.org\/{rel}","templated":true}]}}